{"id":70153,"date":"2009-04-08T22:42:09","date_gmt":"2009-04-08T22:42:09","guid":{"rendered":"http:\/\/diariodominicano.ddns.net\/?p=70153"},"modified":"2009-04-08T22:42:09","modified_gmt":"2009-04-08T22:42:09","slug":"17-artista-contemporaneo-en-el-museo-de-arte-moderno","status":"publish","type":"post","link":"https:\/\/diariodominicano.com\/?p=70153","title":{"rendered":"17 artista contempor\u00e1neo en el Museo de Arte Moderno"},"content":{"rendered":"<p><body><\/p>\n<p><img decoding=\"async\" src=\"http:\/\/localhost:8080\/img3\/mueste.jpg\" \/>  <\/p>\n<p><span class=\"text1noticias\">Los destacados creadores visuales dominicano lleva su propuesta ?AGUA? al segundo nivel de la Casa de los Artistas.<\/span><\/p>\n<\/p>\n<p><span class=\"text1noticias\">SANTO DOMINGO. Para rendirle tributo al agua, elemento dispensable para la vida, 17 artistas dominicanos se unen para presentar su colectiva ?Agua?, donde lo metaf\u00f3rico, lo aleg\u00f3rico y conceptual  son parte de los elementos que  representan cada una de sus obras.<\/span><\/p>\n<\/p>\n<p><span class=\"text1noticias\">La muestra, que ser\u00e1 inaugurada este pr\u00f3ximo mi\u00e9rcoles 15 de abril en los salones de exhibiciones de la Casa de los Artistas visuales forma parte del calendario de actividad pre-inaugural de la XII Feria Internacional del Libro Santo Domingo 2009, y cuenta con el apoyo adem\u00e1s de la Secretar\u00eda de Estado de Cultura.<\/span><\/p>\n<\/p>\n<p><span class=\"text1noticias\">Los artistas participantes en esta muestra son: Elia Alba, Lina Aybar, Johnny Bonelly, Tony Capell\u00e1n, Patricia Castillo, Polibio D\u00edaz, Cruz Mar\u00eda Dotel, Jos\u00e9 Garc\u00eda Cordero, Sayuri Guzm\u00e1n, Pascal Meccariello, Raquel Paiewonsky, Jorge Pineda, Belkis Ram\u00edrez, Miguel Ram\u00edrez, Limber Vilorio, Julio Vald\u00e9z y Fernando Varela.<\/span><\/p>\n<\/p>\n<p><span class=\"text1noticias\">Las informaciones fueron suministradas por la Directora de la Instituci\u00f3n Cultural, licenciada Mar\u00eda Elena Ditren, quien manifest\u00f3 que los reconocidos artistas presentar\u00e1n adem\u00e1s Performance, instalaci\u00f3n, fotograf\u00eda, video, pintura, cer\u00e1mica, dibujo y piezas en metal y en fibra de vidrio.<\/span><\/p>\n<\/p>\n<p><span class=\"text1noticias\">Dijo que esto medios art\u00edsticos utilizados por cada uno de ellos dan el punto de vista sobre las causas y consecuencias del uso indiscriminado de un recurso tan preciado y necesario como el agua. <\/span><\/p>\n<p><span class=\"text1noticias\"> <\/span><\/p>\n<p><span class=\"text1noticias\">A\u00f1ade que lo metaf\u00f3rico, lo aleg\u00f3rico y conceptual  es representado en estas obras, en las que destaca la importancia del agua como elemento indispensable para la vida, y el agua en sus diferentes matices. <\/span><\/p>\n<\/p>\n<p><span class=\"text1noticias\">Aclara que para los pa\u00edses caribe\u00f1os el agua adquiere una connotaci\u00f3n especial; y que en el caso dominicano, esta presencia o protagonismo en el arte tambi\u00e9n se hace evidente desde nuestros abor\u00edgenes con sus representaciones de Boynayel- hasta los m\u00e1s importantes artistas contempor\u00e1neos. As\u00ed, las implicaciones de nuestra geograf\u00eda e insularidad ser\u00e1n un leit- motiv en la obra de muchos de los artistas nacionales para quienes el mar es el l\u00edmite, pero tambi\u00e9n es expansi\u00f3n. El mar es aislamiento, pero tambi\u00e9n representa oportunidades.<\/span><\/p>\n<p><span class=\"text1noticias\"> <\/span><\/p>\n<p><span class=\"text1noticias\">La muestra fue curada por el artista Fernando Varela y por Clara Caminero, Curadora Asistente del MAM.  La curadur\u00eda de esta exposici\u00f3n se basa en lineamientos de artistas que en alg\u00fan momento han tratado la problem\u00e1tica del agua, a nivel local y mundial, y han tenido en cuenta tambi\u00e9n a aquellos que pueden aportar una reflexi\u00f3n en torno a la situaci\u00f3n actual de este elemento vital para la poblaci\u00f3n.<\/span><\/p>\n<p><span class=\"text1noticias\"> <\/span><\/p>\n<p><span class=\"text1noticias\">Fernando Varela afirma que: ?A lo largo de la historia del arte el agua ha estado presente en una amplia diversidad de escenarios: arquitectura, pintura, escultura, etc. Es especialmente en el arte actual cuando todas estas connotaciones de car\u00e1cter psicol\u00f3gico, an\u00edmico y m\u00edstico, aunque en ocasi\u00f3n tambi\u00e9n meramente est\u00e9tico, comienzan a surgir por la superficie de cientos de obras, resaltando as\u00ed la profunda necesidad de los artistas de tratar sobre ella?.<\/span><\/p>\n<p><span class=\"text1noticias\"> <\/span><\/p>\n<p><span class=\"text1noticias\">Por su parte, Clara Caminero sostiene que: ?A lo largo del devenir hist\u00f3rico de la humanidad vemos c\u00f3mo en el arte, el agua ha suscitado un gran inter\u00e9s, motivando representaciones que van desde versiones realistas hasta versiones estilizadas o simb\u00f3licas que convierten el agua en objeto de estudio formal. <\/span><\/p>\n<\/p>\n<p><span class=\"text1noticias\">En este sentido, son muchos los artistas dominicanos que con una clara preocupaci\u00f3n social tratan diversos problemas, globales y locales, de la sociedad contempor\u00e1nea; abordando, en relaci\u00f3n al tema planteado, la relaci\u00f3n del agua con las migraciones, el desarraigo, la identidad, la urbanidad y las problem\u00e1ticas medio ambientales, adem\u00e1s del inter\u00e9s l\u00fadico y est\u00e9tico del agua?.<\/span><\/p>\n<p><span class=\"text1noticias\"> <\/span><\/p>\n<p><span class=\"text1noticias\">?AGUA? Diecisiete artistas contempor\u00e1neos,  es una producci\u00f3n del Museo de Arte Moderno y cuenta con el patrocinio de la Direcci\u00f3n General de Aduanas.  Estar\u00e1 abierta al p\u00fablico hasta el 15 de julio en el Museo de Arte Moderno de la Rep\u00fablica Dominicana, localizado en Avda. Pedro Henr\u00edquez Ure\u00f1a, Plaza de la Cultura Juan Pablo Duarte, en horario de martes a domingos de 9:00 a.m. a 5:00 p.m. <\/span><\/p>\n<h6> 2009-04-08 22:42:09 <\/h6>\n<p><!--\n<link rel=\"stylesheet\" href=\"css\/bootstrap.min.css\">\n\n\n<ul class=\"pagination\">\n\t    \n\t\n\n<li >\n\t<a href='?page_no=21830'>Previous<\/a>\n\t<\/li>\n\n\n       \n    \n\n<li><a href='?page_no=1'>1<\/a><\/li>\n\n\n\n<li><a href='?page_no=2'>2<\/a><\/li>\n\n\n\n<li><a>...<\/a><\/li>\n\n\n\n<li><a href='?page_no=21829'>21829<\/a><\/li>\n\n\n\n<li><a href='?page_no=21830'>21830<\/a><\/li>\n\n\n\n<li class='active'><a>21831<\/a><\/li>\n\n\n\n<li><a href='?page_no=21832'>21832<\/a><\/li>\n\n\n\n<li><a href='?page_no=21833'>21833<\/a><\/li>\n\n\n\n<li><a>...<\/a><\/li>\n\n\n\n<li><a href='?page_no=22911'>22911<\/a><\/li>\n\n\n\n<li><a href='?page_no=22912'>22912<\/a><\/li>\n\n    \n\t\n\n<li >\n\t<a href='?page_no=21832'>Next<\/a>\n\t<\/li>\n\n\n    \n\n<li><a href='?page_no=22912'>Last &rsaquo;&rsaquo;<\/a><\/li>\n\n<\/ul>\n\n\n--><br \/>\n<\/body><\/p>\n","protected":false},"excerpt":{"rendered":"<p>Los destacados creadores visuales dominicano lleva su propuesta ?AGUA? al segundo nivel de la Casa de los Artistas. SANTO DOMINGO. Para rendirle tributo al agua, elemento dispensable para la vida, 17 artistas dominicanos se unen para presentar su colectiva ?Agua?, donde lo metaf\u00f3rico, lo aleg\u00f3rico y conceptual son parte de los elementos que representan cada [&hellip;]<\/p>\n","protected":false},"author":3,"featured_media":0,"comment_status":"open","ping_status":"open","sticky":false,"template":"","format":"standard","meta":{"footnotes":""},"categories":[21],"tags":[],"class_list":["post-70153","post","type-post","status-publish","format-standard","hentry","category-cultura"],"_links":{"self":[{"href":"https:\/\/diariodominicano.com\/index.php?rest_route=\/wp\/v2\/posts\/70153","targetHints":{"allow":["GET"]}}],"collection":[{"href":"https:\/\/diariodominicano.com\/index.php?rest_route=\/wp\/v2\/posts"}],"about":[{"href":"https:\/\/diariodominicano.com\/index.php?rest_route=\/wp\/v2\/types\/post"}],"author":[{"embeddable":true,"href":"https:\/\/diariodominicano.com\/index.php?rest_route=\/wp\/v2\/users\/3"}],"replies":[{"embeddable":true,"href":"https:\/\/diariodominicano.com\/index.php?rest_route=%2Fwp%2Fv2%2Fcomments&post=70153"}],"version-history":[{"count":0,"href":"https:\/\/diariodominicano.com\/index.php?rest_route=\/wp\/v2\/posts\/70153\/revisions"}],"wp:attachment":[{"href":"https:\/\/diariodominicano.com\/index.php?rest_route=%2Fwp%2Fv2%2Fmedia&parent=70153"}],"wp:term":[{"taxonomy":"category","embeddable":true,"href":"https:\/\/diariodominicano.com\/index.php?rest_route=%2Fwp%2Fv2%2Fcategories&post=70153"},{"taxonomy":"post_tag","embeddable":true,"href":"https:\/\/diariodominicano.com\/index.php?rest_route=%2Fwp%2Fv2%2Ftags&post=70153"}],"curies":[{"name":"wp","href":"https:\/\/api.w.org\/{rel}","templated":true}]}}