{"id":70152,"date":"2009-04-09T15:13:37","date_gmt":"2009-04-09T15:13:37","guid":{"rendered":"http:\/\/diariodominicano.ddns.net\/?p=70152"},"modified":"2009-04-09T15:13:37","modified_gmt":"2009-04-09T15:13:37","slug":"asi-va-la-feria-del-libro","status":"publish","type":"post","link":"https:\/\/diariodominicano.com\/?p=70152","title":{"rendered":"As\u00ed va la Feria del Libro"},"content":{"rendered":"<p><body><\/p>\n<p><img decoding=\"async\" src=\"http:\/\/localhost:8080\/img3\/sece.jpg\" \/>  <\/p>\n<p><span class=\"text1noticias\">Los 46 Pabellones de la Feria: Impresionante muestra de diversidad cultural<\/span><\/p>\n<\/p>\n<p><span class=\"text1noticias\">Este a\u00f1o, las principales novedades ser\u00e1n los dedicados a Juan Bosch, Brasil, Casa de Teatro y el Homenaje al Comic.<\/span><\/p>\n<\/p>\n<p><span class=\"text1noticias\">Un total de 46 pabellones formar\u00e1n parte este a\u00f1o de la oferta cultural de la XII Feria Internacional del Libro Santo Domingo 2009, donde se mostrar\u00e1 la riqueza de la diversidad cultural dominicana. <\/span><\/p>\n<\/p>\n<p><span class=\"text1noticias\">De estos pabellones feriales, 18 corresponden a la Direcci\u00f3n General de la Feria del Libro, dise\u00f1ados por la Direcci\u00f3n de Infraestructura Cultural, los cuaes constituir\u00e1n un impresionante espect\u00e1culo de belleza exterior, con un formidable contenido bibliogr\u00e1fico y cultural en cada uno de ellos.<\/span><\/p>\n<\/p>\n<p><span class=\"text1noticias\">?\tPabell\u00f3n Juan Bosch. Rinde homenaje al destacado escritor en el centenario de su nacimiento, con una amplia exhibici\u00f3n de sus obras, as\u00ed como de objetos personales y materiales de valor hist\u00f3rico. Estar\u00e1 situado frente al Teatro Nacional. Coordina: H\u00e9ctor Luis Mart\u00ednez.<\/span><\/p>\n<\/p>\n<p><span class=\"text1noticias\">?\tPabell\u00f3n de Brasil. Pa\u00eds Invitado de Honor. Presentar\u00e1 un contenido variado de la amplia cultura brasile\u00f1a. Coordina: Eva Camilo.<\/span><\/p>\n<\/p>\n<p><span class=\"text1noticias\">?\tPabell\u00f3n de Casa de Teatro. Dedicado a esta popular centro de cultura, con motivo del 35\u00ba aniversario de su fundaci\u00f3n. Tendr\u00e1 exhibiciones y venta de libros y discos, con el mismo ambiente festivo de la sede original. Coordina: Freddy Ginebra.<\/span><\/p>\n<\/p>\n<p><span class=\"text1noticias\">?\tPabell\u00f3n de la Secretar\u00eda de Estado de Cultura. Mostrar\u00e1 una colecci\u00f3n de libros de lujo y una variada muestra cultural. Coordina: Ana Mar\u00eda Conde.<\/span><\/p>\n<\/p>\n<p><span class=\"text1noticias\">?\tPabell\u00f3n El Autor y su Voz. Convertido en el m\u00e1s popular pabell\u00f3n ferial, viene ahora con nuevas voces de escritores de distintas partes del mundo. Un total de 30 computadoras permitir\u00e1n al visitante disfrutar de las voces de sus escritores preferidos, comenzando por Juan Bosch leyendo sus cuentos. Coordina: H\u00e9ctor Reinoso.<\/span><\/p>\n<\/p>\n<p><span class=\"text1noticias\">?\tCaf\u00e9 Bohemio. El espacio m\u00e1s din\u00e1mico del recinto ferial. Lecturas de poemas y cuentos, tertulias, debates diarios sobre diferentes temas, canciones y caf\u00e9s diversos. Coordina: V\u00edctor V\u00edctor.<\/span><\/p>\n<\/p>\n<p><span class=\"text1noticias\">?\tPabell\u00f3n de Autores Dominicanos. El espacio donde nuestros autores presentan sus libros, leen sus poemas y relatos, actualizan sus conocimientos, intercambian con sus pares del mundo y disfrutan el espect\u00e1culo de la lectura y el conocimiento. Coordina: Valent\u00edn Amaro.<\/span><\/p>\n<\/p>\n<p><span class=\"text1noticias\">?\tTribuna Libre. El conocido espacio creado en la primera Feria del Libro de 1997. Ahora, con pabell\u00f3n propio en el centro mismo de la principal v\u00eda ferial. Todas las gamas del saber, todos los aspectos de la cultura ?arte, religi\u00f3n, pol\u00edtica, manualidades, historia- con diferentes expositores. Coordina: Ana Br\u00edgida G\u00f3mez.<\/span><\/p>\n<\/p>\n<p><span class=\"text1noticias\">?\tVideoteca Jean Louis Jorge. El espacio de todos los a\u00f1os para disfrutar videos, documentales y cortometrajes, ahora en lugar diferente y precedido de una formidable exposici\u00f3n de la Direcci\u00f3n Nacional de Cine (DINAC). Coordina: Marlon Soto.<\/span><\/p>\n<\/p>\n<p><span class=\"text1noticias\">?\tPabell\u00f3n del Comic. La gran novedad de la Feria de este a\u00f1o. Un gran homenaje al paquito, al tebeo, al mu\u00f1equito, que pobl\u00f3 nuestras infancias con lecturas incontenibles de nuestros superh\u00e9roes. Coordina: Sergio Collado Amengual, Erikson Montero y Leori\u00e1n Ricardo.<\/span><\/p>\n<\/p>\n<p><span class=\"text1noticias\">?\tPabell\u00f3n Libro-Cocina Silvia de Pou. El tradicional espacio de la gastronom\u00eda para rendir culto al libro de cocina, que honra este a\u00f1o a la conocida escritora de recetas Silvia de Pou, autora del libro m\u00e1s vendido de todas las \u00e9pocas en materia gastron\u00f3mica. Coordina: Sheila Acevedo.<\/span><\/p>\n<\/p>\n<p><span class=\"text1noticias\">?\tPabell\u00f3n Juvenil. La cultura en ambiente juvenil. Este a\u00f1o, renovado en todos sus aspectos. Coordinan: Iandra Ferm\u00edn y Angie Reyes.<\/span><\/p>\n<\/p>\n<p><span class=\"text1noticias\">?\tArea Infantil. La feria de la gente menuda. Este a\u00f1o, totalmente renovada, con cuatro nuevos pabellones, uno de ellos climatizado, bajo el t\u00edtulo ?Jard\u00edn Infantil: leer y crear para divertirse?. Coordinan: Evelyn Lima Rivas y Carmen Mart\u00ednez de Issa.<\/span><\/p>\n<\/p>\n<p><span class=\"text1noticias\">?\tPabell\u00f3n Letras de Ultramar. Dedicado a los escritores de la di\u00e1spora dominicana. Libros, ideas, proyectos, reconocimientos. Coordina: Comisionado Dominicano de Cultura en Estados Unidos.<\/span><\/p>\n<p><span class=\"text1noticias\">?\tPabell\u00f3n de La Vega. Lugar de nacimiento de don Juan Bosch y sede de la V Feria Regional del Libro el pr\u00f3ximo mes de septiembre. Coordina: Orlando Lora.<\/span><\/p>\n<\/p>\n<p><span class=\"text1noticias\">?\t\u00c1rea de Artesan\u00eda. Un espacio para el fomento de esta importante industria cultural. Coordina: Luisa Castillo.<\/span><\/p>\n<\/p>\n<p><span class=\"text1noticias\">?\tArchivo General de la Naci\u00f3n. Importante muestra hist\u00f3rica y bibliogr\u00e1fica. Un paseo por el nuevo Archivo y su manantial de conocimientos acumulados. Coordina: Roberto Cass\u00e1.<\/span><\/p>\n<\/p>\n<p><span class=\"text1noticias\">?\tBulevar del Micro-Relato. Donde el a\u00f1o pasado se abri\u00f3 el bulevar del amor, este a\u00f1o tendremos este espacio para honrar al cuento corto. Coordina: Jorge N\u00fa\u00f1ez.<\/span><\/p>\n<\/p>\n<p><span class=\"text1noticias\">Otros Pabellones: Como proyectos independientes, se tendr\u00e1n pabellones de exquisita factura y gran contenido como el del Despacho de la Primera Dama de la Rep\u00fablica, Fundaci\u00f3n Global Democracia y Desarrollo (FUNGLODE), Secretar\u00eda de Estado de las Fuerzas Armadas, Polic\u00eda Nacional, Junta Central Electoral, Suprema Corte de Justicia, Instituto Dominicano de las Telecomunicaciones, Universidad Aut\u00f3noma de Santo Domingo, Instituto Tecnol\u00f3gico de Santo Domingo (INTEC), Universidad Nacional Evang\u00e9lica, Universidad O y M, Direcci\u00f3n General de Aduanas, Direcci\u00f3n de Impuestos Internos, Direcci\u00f3n de Desarrollo de la Comunidad, Diario Libre, List\u00edn Diario, Consejo Nacional para la Ni\u00f1ez (CONANI), Banco Central, Loter\u00eda Nacional, Secretar\u00eda de Estado de Medioambiente, y, entre otros m\u00e1s, el gran pabell\u00f3n de la Secretar\u00eda de Estado de Educaci\u00f3n, con su emisora radial incluida.<\/span><\/p>\n<\/p>\n<p><span class=\"text1noticias\">La Feria Internacional del Libro Santo Domingo 2009, en su d\u00e9cimo-segunda edici\u00f3n, se dedica este a\u00f1o a don Juan Bosch, en el centenario de su nacimiento, y tiene a Brasil como Pa\u00eds Invitado de Honor. Se llevar\u00e1 a cabo, como cada a\u00f1o, en la Plaza de la Cultura Juan Pablo Duarte, desde el lunes 20 de abril hasta el domingo 3 de mayo, en horario de 9 de la ma\u00f1ana a 10 de la noche.<\/span><\/p>\n<h6> 2009-04-09 15:13:37 <\/h6>\n<p><!--\n<link rel=\"stylesheet\" href=\"css\/bootstrap.min.css\">\n\n\n<ul class=\"pagination\">\n\t    \n\t\n\n<li >\n\t<a href='?page_no=21829'>Previous<\/a>\n\t<\/li>\n\n\n       \n    \n\n<li><a href='?page_no=1'>1<\/a><\/li>\n\n\n\n<li><a href='?page_no=2'>2<\/a><\/li>\n\n\n\n<li><a>...<\/a><\/li>\n\n\n\n<li><a href='?page_no=21828'>21828<\/a><\/li>\n\n\n\n<li><a href='?page_no=21829'>21829<\/a><\/li>\n\n\n\n<li class='active'><a>21830<\/a><\/li>\n\n\n\n<li><a href='?page_no=21831'>21831<\/a><\/li>\n\n\n\n<li><a href='?page_no=21832'>21832<\/a><\/li>\n\n\n\n<li><a>...<\/a><\/li>\n\n\n\n<li><a href='?page_no=22911'>22911<\/a><\/li>\n\n\n\n<li><a href='?page_no=22912'>22912<\/a><\/li>\n\n    \n\t\n\n<li >\n\t<a href='?page_no=21831'>Next<\/a>\n\t<\/li>\n\n\n    \n\n<li><a href='?page_no=22912'>Last &rsaquo;&rsaquo;<\/a><\/li>\n\n<\/ul>\n\n\n--><br \/>\n<\/body><\/p>\n","protected":false},"excerpt":{"rendered":"<p>Los 46 Pabellones de la Feria: Impresionante muestra de diversidad cultural Este a\u00f1o, las principales novedades ser\u00e1n los dedicados a Juan Bosch, Brasil, Casa de Teatro y el Homenaje al Comic. Un total de 46 pabellones formar\u00e1n parte este a\u00f1o de la oferta cultural de la XII Feria Internacional del Libro Santo Domingo 2009, donde [&hellip;]<\/p>\n","protected":false},"author":3,"featured_media":0,"comment_status":"open","ping_status":"open","sticky":false,"template":"","format":"standard","meta":{"footnotes":""},"categories":[21],"tags":[],"class_list":["post-70152","post","type-post","status-publish","format-standard","hentry","category-cultura"],"_links":{"self":[{"href":"https:\/\/diariodominicano.com\/index.php?rest_route=\/wp\/v2\/posts\/70152","targetHints":{"allow":["GET"]}}],"collection":[{"href":"https:\/\/diariodominicano.com\/index.php?rest_route=\/wp\/v2\/posts"}],"about":[{"href":"https:\/\/diariodominicano.com\/index.php?rest_route=\/wp\/v2\/types\/post"}],"author":[{"embeddable":true,"href":"https:\/\/diariodominicano.com\/index.php?rest_route=\/wp\/v2\/users\/3"}],"replies":[{"embeddable":true,"href":"https:\/\/diariodominicano.com\/index.php?rest_route=%2Fwp%2Fv2%2Fcomments&post=70152"}],"version-history":[{"count":0,"href":"https:\/\/diariodominicano.com\/index.php?rest_route=\/wp\/v2\/posts\/70152\/revisions"}],"wp:attachment":[{"href":"https:\/\/diariodominicano.com\/index.php?rest_route=%2Fwp%2Fv2%2Fmedia&parent=70152"}],"wp:term":[{"taxonomy":"category","embeddable":true,"href":"https:\/\/diariodominicano.com\/index.php?rest_route=%2Fwp%2Fv2%2Fcategories&post=70152"},{"taxonomy":"post_tag","embeddable":true,"href":"https:\/\/diariodominicano.com\/index.php?rest_route=%2Fwp%2Fv2%2Ftags&post=70152"}],"curies":[{"name":"wp","href":"https:\/\/api.w.org\/{rel}","templated":true}]}}