{"id":70150,"date":"2009-04-11T14:38:32","date_gmt":"2009-04-11T14:38:32","guid":{"rendered":"http:\/\/diariodominicano.ddns.net\/?p=70150"},"modified":"2009-04-11T14:38:32","modified_gmt":"2009-04-11T14:38:32","slug":"fue-puesta-en-circulacion-documental-juan-bosch-alice-tully-hall-del-lincoln-center-new-york","status":"publish","type":"post","link":"https:\/\/diariodominicano.com\/?p=70150","title":{"rendered":"Fue puesta  en circulaci\u00f3n  documental Juan Bosch, Alice Tully Hall del Lincoln Center, New York"},"content":{"rendered":"<p><body><\/p>\n<p><img decoding=\"async\" src=\"http:\/\/localhost:8080\/img3\/rollo.jpg\" \/>  <\/p>\n<p><span class=\"text1noticias\">Autor:Miguel \u00c1ngel Rodr\u00edguez<\/span><\/p>\n<p><span class=\"text1noticias\"> <\/span><\/p>\n<p><span class=\"text1noticias\">Una sala abarrotada con mas de dos mil almas, en el Coraz\u00f3n de la capital del mundo una de las salas mas famosas del mundo, Alice Tully Hall del Lincoln Center, esa fue la presentaci\u00f3n del documental de Ren\u00e9 Fortunato, Presidente en la Frontera Imperial.<\/span><\/p>\n<p><span class=\"text1noticias\"> <\/span><\/p>\n<p><span class=\"text1noticias\">Alrededor de las 8 y quince minutos comenz\u00f3 la promoci\u00f3n de este largo metraje seguido por un mensaje del presidente de la c\u00e1mara de diputados, lic. Julio Cesar Valent\u00edn, quien en unos cuantos minutos habla de muchas cosas pero principalmente de la lucha  y valent\u00eda del pueblo Dominicano por su libertad y dignidad.<\/span><\/p>\n<p><span class=\"text1noticias\"> <\/span><\/p>\n<p><span class=\"text1noticias\">Un trabajo bien logrado que cubre mayormente los hechos ocurridos desde final de 1962 hasta el final de 1963 el primer gobierno escogido democr\u00e1ticamente despu\u00e9s del derrocamiento del tirano Rafael Trujillo Molina, esta cinta donde no hay actuaciones seg\u00fan dice tomo dos a\u00f1os el lograrla y el resultado es un material  educativo e informativo especialmente para las nuevas generaciones.<\/span><\/p>\n<p><span class=\"text1noticias\"> <\/span><\/p>\n<p><span class=\"text1noticias\">El publico en esta premier, disfruto de esa hora y media de f\u00edlmicas en su mayor\u00eda miembro del partido de gobierno, partido de la  liberaci\u00f3n dominicana y adultos de un average de 40 a\u00f1os de edad.<\/span><\/p>\n<p><span class=\"text1noticias\"> <\/span><\/p>\n<p><span class=\"text1noticias\">Entre otras cosas esta pel\u00edcula habla de lo que fue el gobierno del profesor Juan Bosch, ganador de las elecciones del 20 de diciembre de 1962 y juramentado el 27 de febrero de 1963, el acercamiento del profesor con el pueblo sus viajes al exterior los contactos con otros gobierno comenzando con Estados Unidos y siguiendo por Europa y Latinoam\u00e9rica, los beneficios del aumento del precio del az\u00facar en los mercados internacionales  como esto llamo la atenci\u00f3n de otros poderes que quer\u00edan su parte de estos beneficio, las acusaciones del comunismo en su gobierno y el miedo de algunos sectores y en especial de los Estados Unidos de que el pa\u00eds fuera otra cuba.<\/span><\/p>\n<p><span class=\"text1noticias\"> <\/span><\/p>\n<p><span class=\"text1noticias\">Aqu\u00ed se puede apreciar como el profesor Juan Bosch domina el idioma ingles a la perfecci\u00f3n. En esta premier estuvieron presente el ex c\u00f3nsul bienvenido P\u00e9rez y el presidente de la c\u00e1mara de diputados Julio Cesar VCalnetin quines vinieron expresamente para esta ocasi\u00f3n, a partir del 24 de abril se estar\u00e1 presentando en la sala de cine de la calle 181 y Broadway para el publico en general.<\/span><\/p>\n<h6> 2009-04-11 14:38:32 <\/h6>\n<p><!--\n<link rel=\"stylesheet\" href=\"css\/bootstrap.min.css\">\n\n\n<ul class=\"pagination\">\n\t    \n\t\n\n<li >\n\t<a href='?page_no=21827'>Previous<\/a>\n\t<\/li>\n\n\n       \n    \n\n<li><a href='?page_no=1'>1<\/a><\/li>\n\n\n\n<li><a href='?page_no=2'>2<\/a><\/li>\n\n\n\n<li><a>...<\/a><\/li>\n\n\n\n<li><a href='?page_no=21826'>21826<\/a><\/li>\n\n\n\n<li><a href='?page_no=21827'>21827<\/a><\/li>\n\n\n\n<li class='active'><a>21828<\/a><\/li>\n\n\n\n<li><a href='?page_no=21829'>21829<\/a><\/li>\n\n\n\n<li><a href='?page_no=21830'>21830<\/a><\/li>\n\n\n\n<li><a>...<\/a><\/li>\n\n\n\n<li><a href='?page_no=22911'>22911<\/a><\/li>\n\n\n\n<li><a href='?page_no=22912'>22912<\/a><\/li>\n\n    \n\t\n\n<li >\n\t<a href='?page_no=21829'>Next<\/a>\n\t<\/li>\n\n\n    \n\n<li><a href='?page_no=22912'>Last &rsaquo;&rsaquo;<\/a><\/li>\n\n<\/ul>\n\n\n--><br \/>\n<\/body><\/p>\n","protected":false},"excerpt":{"rendered":"<p>Autor:Miguel \u00c1ngel Rodr\u00edguez Una sala abarrotada con mas de dos mil almas, en el Coraz\u00f3n de la capital del mundo una de las salas mas famosas del mundo, Alice Tully Hall del Lincoln Center, esa fue la presentaci\u00f3n del documental de Ren\u00e9 Fortunato, Presidente en la Frontera Imperial. Alrededor de las 8 y quince minutos [&hellip;]<\/p>\n","protected":false},"author":3,"featured_media":0,"comment_status":"open","ping_status":"open","sticky":false,"template":"","format":"standard","meta":{"footnotes":""},"categories":[21],"tags":[],"class_list":["post-70150","post","type-post","status-publish","format-standard","hentry","category-cultura"],"_links":{"self":[{"href":"https:\/\/diariodominicano.com\/index.php?rest_route=\/wp\/v2\/posts\/70150","targetHints":{"allow":["GET"]}}],"collection":[{"href":"https:\/\/diariodominicano.com\/index.php?rest_route=\/wp\/v2\/posts"}],"about":[{"href":"https:\/\/diariodominicano.com\/index.php?rest_route=\/wp\/v2\/types\/post"}],"author":[{"embeddable":true,"href":"https:\/\/diariodominicano.com\/index.php?rest_route=\/wp\/v2\/users\/3"}],"replies":[{"embeddable":true,"href":"https:\/\/diariodominicano.com\/index.php?rest_route=%2Fwp%2Fv2%2Fcomments&post=70150"}],"version-history":[{"count":0,"href":"https:\/\/diariodominicano.com\/index.php?rest_route=\/wp\/v2\/posts\/70150\/revisions"}],"wp:attachment":[{"href":"https:\/\/diariodominicano.com\/index.php?rest_route=%2Fwp%2Fv2%2Fmedia&parent=70150"}],"wp:term":[{"taxonomy":"category","embeddable":true,"href":"https:\/\/diariodominicano.com\/index.php?rest_route=%2Fwp%2Fv2%2Fcategories&post=70150"},{"taxonomy":"post_tag","embeddable":true,"href":"https:\/\/diariodominicano.com\/index.php?rest_route=%2Fwp%2Fv2%2Ftags&post=70150"}],"curies":[{"name":"wp","href":"https:\/\/api.w.org\/{rel}","templated":true}]}}