{"id":70149,"date":"2009-04-12T16:02:02","date_gmt":"2009-04-12T16:02:02","guid":{"rendered":"http:\/\/diariodominicano.ddns.net\/?p=70149"},"modified":"2009-04-12T16:02:02","modified_gmt":"2009-04-12T16:02:02","slug":"tulile-dice-es-el-numero-uno-de-los-merengueros-de-calle","status":"publish","type":"post","link":"https:\/\/diariodominicano.com\/?p=70149","title":{"rendered":"Tulile dice es el n\u00famero uno de los merengueros de calle"},"content":{"rendered":"<p><body><\/p>\n<p><img decoding=\"async\" src=\"http:\/\/localhost:8080\/img3\/tuly.jpg\" \/>  <\/p>\n<p><span class=\"text1noticias\">El Rey Tulile reafirm\u00f3 porque le llaman el ?Rey del Mambo?, durante una presentaci\u00f3n en Boca Chica a miles de vacacionistas que disfrutaron de un gran concierto organizado por Willie Rodr\u00edguez, productor de ?Z Semana Santa Dominicana?, el tradicional espacio de informaci\u00f3n y orientaci\u00f3n que se transmite por la Z101.<\/span><\/p>\n<p><span class=\"text1noticias\"> <\/span><\/p>\n<p><span class=\"text1noticias\">?Seguiremos reinando en esta m\u00fasica, soy el numero uno de los mamberos?, dijo Tulile durante la presentaci\u00f3n auspiciada por la Cervecer\u00eda Nacional Dominica. Anunci\u00f3 una extensa gira al exterior por Canad\u00e1, Miami, Puerto Rico y New York del 5 al 26 de Mayo. Su presentaci\u00f3n fue precedida por la orquesta de Sergio Vargas. <\/span><\/p>\n<p><span class=\"text1noticias\"> <\/span><\/p>\n<p><span class=\"text1noticias\">En el evento fue presentada oficialmente la nueva integrante de la orquesta, Rossie Cortorreal; que fue recibida con gran algarab\u00eda y aplausos. Se anunci\u00f3 que durante la gira se lanzar\u00e1 el nuevo disco que produce el sello disquero de Vidal Cede\u00f1o. <\/span><\/p>\n<p><span class=\"text1noticias\"> <\/span><\/p>\n<p><span class=\"text1noticias\">El merenguero urbano, tiene muchos planes para este a\u00f1o, entre los cuales se prepara para ofrecer un espect\u00e1culo en el Maunaloa, as\u00ed como la celebraci\u00f3n de su primer a\u00f1o de su sitio en la web: www.elreytulile.net.<\/span><\/p>\n<h6> 2009-04-12 16:02:02 <\/h6>\n<p><!--\n<link rel=\"stylesheet\" href=\"css\/bootstrap.min.css\">\n\n\n<ul class=\"pagination\">\n\t    \n\t\n\n<li >\n\t<a href='?page_no=21826'>Previous<\/a>\n\t<\/li>\n\n\n       \n    \n\n<li><a href='?page_no=1'>1<\/a><\/li>\n\n\n\n<li><a href='?page_no=2'>2<\/a><\/li>\n\n\n\n<li><a>...<\/a><\/li>\n\n\n\n<li><a href='?page_no=21825'>21825<\/a><\/li>\n\n\n\n<li><a href='?page_no=21826'>21826<\/a><\/li>\n\n\n\n<li class='active'><a>21827<\/a><\/li>\n\n\n\n<li><a href='?page_no=21828'>21828<\/a><\/li>\n\n\n\n<li><a href='?page_no=21829'>21829<\/a><\/li>\n\n\n\n<li><a>...<\/a><\/li>\n\n\n\n<li><a href='?page_no=22911'>22911<\/a><\/li>\n\n\n\n<li><a href='?page_no=22912'>22912<\/a><\/li>\n\n    \n\t\n\n<li >\n\t<a href='?page_no=21828'>Next<\/a>\n\t<\/li>\n\n\n    \n\n<li><a href='?page_no=22912'>Last &rsaquo;&rsaquo;<\/a><\/li>\n\n<\/ul>\n\n\n--><br \/>\n<\/body><\/p>\n","protected":false},"excerpt":{"rendered":"<p>El Rey Tulile reafirm\u00f3 porque le llaman el ?Rey del Mambo?, durante una presentaci\u00f3n en Boca Chica a miles de vacacionistas que disfrutaron de un gran concierto organizado por Willie Rodr\u00edguez, productor de ?Z Semana Santa Dominicana?, el tradicional espacio de informaci\u00f3n y orientaci\u00f3n que se transmite por la Z101. ?Seguiremos reinando en esta m\u00fasica, [&hellip;]<\/p>\n","protected":false},"author":3,"featured_media":0,"comment_status":"open","ping_status":"open","sticky":false,"template":"","format":"standard","meta":{"footnotes":""},"categories":[21],"tags":[],"class_list":["post-70149","post","type-post","status-publish","format-standard","hentry","category-cultura"],"_links":{"self":[{"href":"https:\/\/diariodominicano.com\/index.php?rest_route=\/wp\/v2\/posts\/70149","targetHints":{"allow":["GET"]}}],"collection":[{"href":"https:\/\/diariodominicano.com\/index.php?rest_route=\/wp\/v2\/posts"}],"about":[{"href":"https:\/\/diariodominicano.com\/index.php?rest_route=\/wp\/v2\/types\/post"}],"author":[{"embeddable":true,"href":"https:\/\/diariodominicano.com\/index.php?rest_route=\/wp\/v2\/users\/3"}],"replies":[{"embeddable":true,"href":"https:\/\/diariodominicano.com\/index.php?rest_route=%2Fwp%2Fv2%2Fcomments&post=70149"}],"version-history":[{"count":0,"href":"https:\/\/diariodominicano.com\/index.php?rest_route=\/wp\/v2\/posts\/70149\/revisions"}],"wp:attachment":[{"href":"https:\/\/diariodominicano.com\/index.php?rest_route=%2Fwp%2Fv2%2Fmedia&parent=70149"}],"wp:term":[{"taxonomy":"category","embeddable":true,"href":"https:\/\/diariodominicano.com\/index.php?rest_route=%2Fwp%2Fv2%2Fcategories&post=70149"},{"taxonomy":"post_tag","embeddable":true,"href":"https:\/\/diariodominicano.com\/index.php?rest_route=%2Fwp%2Fv2%2Ftags&post=70149"}],"curies":[{"name":"wp","href":"https:\/\/api.w.org\/{rel}","templated":true}]}}