{"id":70147,"date":"2009-04-13T15:19:08","date_gmt":"2009-04-13T15:19:08","guid":{"rendered":"http:\/\/diariodominicano.ddns.net\/?p=70147"},"modified":"2009-04-13T15:19:08","modified_gmt":"2009-04-13T15:19:08","slug":"estudiantes-uapa-visitan-parque-nacional","status":"publish","type":"post","link":"https:\/\/diariodominicano.com\/?p=70147","title":{"rendered":"ESTUDIANTES  UAPA VISITAN  PARQUE NACIONAL"},"content":{"rendered":"<p><body><\/p>\n<p><img decoding=\"async\" src=\"http:\/\/localhost:8080\/img3\/morro.jpg\" \/>  <\/p>\n<p><span class=\"text1noticias\">Estudiantes de la Escuela  de  Derecho  de  la  Universidad  Abierta  para  Adultos, UAPA, visitaron el Parque  Nacional Monte Cristi en  la  regi\u00f3n  noroestana, dentro  del programa  de investigaci\u00f3n y concientizaci\u00f3n  de  la  alta  casa  de  estudios. <\/span><\/p>\n<\/p>\n<p><span class=\"text1noticias\">Francisco  M\u00e9ndez, profesor y   encargado  de  c\u00e1tedra  de  Ser  Humano y  su Contexto, coordin\u00f3  la actividad, donde los  participantes  conocieron de la  fauna  y flora  de  Monte Cristi, Manzanillo, Dajab\u00f3n, Loma  de Cabrera y   Mao. En  la  misma, los  visitantes se percataron de la  impresionante belleza  del  Morro, la  Bah\u00eda  de Manzanillo entre otros  lugares  paradis\u00edacos de la zona. Texto  y foto: Reynaldo Hern\u00e1ndez  Rosa<\/span><\/p>\n<h6> 2009-04-13 15:19:08 <\/h6>\n<p><!--\n<link rel=\"stylesheet\" href=\"css\/bootstrap.min.css\">\n\n\n<ul class=\"pagination\">\n\t    \n\t\n\n<li >\n\t<a href='?page_no=21824'>Previous<\/a>\n\t<\/li>\n\n\n       \n    \n\n<li><a href='?page_no=1'>1<\/a><\/li>\n\n\n\n<li><a href='?page_no=2'>2<\/a><\/li>\n\n\n\n<li><a>...<\/a><\/li>\n\n\n\n<li><a href='?page_no=21823'>21823<\/a><\/li>\n\n\n\n<li><a href='?page_no=21824'>21824<\/a><\/li>\n\n\n\n<li class='active'><a>21825<\/a><\/li>\n\n\n\n<li><a href='?page_no=21826'>21826<\/a><\/li>\n\n\n\n<li><a href='?page_no=21827'>21827<\/a><\/li>\n\n\n\n<li><a>...<\/a><\/li>\n\n\n\n<li><a href='?page_no=22911'>22911<\/a><\/li>\n\n\n\n<li><a href='?page_no=22912'>22912<\/a><\/li>\n\n    \n\t\n\n<li >\n\t<a href='?page_no=21826'>Next<\/a>\n\t<\/li>\n\n\n    \n\n<li><a href='?page_no=22912'>Last &rsaquo;&rsaquo;<\/a><\/li>\n\n<\/ul>\n\n\n--><br \/>\n<\/body><\/p>\n","protected":false},"excerpt":{"rendered":"<p>Estudiantes de la Escuela de Derecho de la Universidad Abierta para Adultos, UAPA, visitaron el Parque Nacional Monte Cristi en la regi\u00f3n noroestana, dentro del programa de investigaci\u00f3n y concientizaci\u00f3n de la alta casa de estudios. Francisco M\u00e9ndez, profesor y encargado de c\u00e1tedra de Ser Humano y su Contexto, coordin\u00f3 la actividad, donde los participantes [&hellip;]<\/p>\n","protected":false},"author":3,"featured_media":0,"comment_status":"open","ping_status":"open","sticky":false,"template":"","format":"standard","meta":{"footnotes":""},"categories":[21],"tags":[],"class_list":["post-70147","post","type-post","status-publish","format-standard","hentry","category-cultura"],"_links":{"self":[{"href":"https:\/\/diariodominicano.com\/index.php?rest_route=\/wp\/v2\/posts\/70147","targetHints":{"allow":["GET"]}}],"collection":[{"href":"https:\/\/diariodominicano.com\/index.php?rest_route=\/wp\/v2\/posts"}],"about":[{"href":"https:\/\/diariodominicano.com\/index.php?rest_route=\/wp\/v2\/types\/post"}],"author":[{"embeddable":true,"href":"https:\/\/diariodominicano.com\/index.php?rest_route=\/wp\/v2\/users\/3"}],"replies":[{"embeddable":true,"href":"https:\/\/diariodominicano.com\/index.php?rest_route=%2Fwp%2Fv2%2Fcomments&post=70147"}],"version-history":[{"count":0,"href":"https:\/\/diariodominicano.com\/index.php?rest_route=\/wp\/v2\/posts\/70147\/revisions"}],"wp:attachment":[{"href":"https:\/\/diariodominicano.com\/index.php?rest_route=%2Fwp%2Fv2%2Fmedia&parent=70147"}],"wp:term":[{"taxonomy":"category","embeddable":true,"href":"https:\/\/diariodominicano.com\/index.php?rest_route=%2Fwp%2Fv2%2Fcategories&post=70147"},{"taxonomy":"post_tag","embeddable":true,"href":"https:\/\/diariodominicano.com\/index.php?rest_route=%2Fwp%2Fv2%2Ftags&post=70147"}],"curies":[{"name":"wp","href":"https:\/\/api.w.org\/{rel}","templated":true}]}}