{"id":70146,"date":"2009-04-13T16:27:39","date_gmt":"2009-04-13T16:27:39","guid":{"rendered":"http:\/\/diariodominicano.ddns.net\/?p=70146"},"modified":"2009-04-13T16:27:39","modified_gmt":"2009-04-13T16:27:39","slug":"manolo-patrocino-pondra-a-circular-entre-la-risa-y-la-reflexion","status":"publish","type":"post","link":"https:\/\/diariodominicano.com\/?p=70146","title":{"rendered":"Manolo Patrocino pondr\u00e1 a circular ?Entre la Risa y la Reflexi\u00f3n?"},"content":{"rendered":"<p><body><\/p>\n<p><img decoding=\"async\" src=\"http:\/\/localhost:8080\/img3\/liboz.jpg\" \/>  <\/p>\n<p><span class=\"text1noticias\">El F\u00f3rum Pedro Mir del Centro Cuesta del Libro de la Av. 27 de Febrero, ser\u00e1 el escenario en donde se pondr\u00e1 a circular, el pr\u00f3ximo martes, 14 de abril de 2009, a partir de las seis de la tarde, el compendio ?Entre la risa y la reflexi\u00f3n?, antolog\u00eda que combina frases, consejos, refranes, pensamientos, aforismos y fragmentos de libros y de autores famosos.<\/span><\/p>\n<\/p>\n<p><span class=\"text1noticias\">Manolo Patrocino, autor-compilador de esta obra, es un poeta que ha sido galardonado con varios premios en concursos de poes\u00eda que se realizan anualmente en diferentes tribunas literarias del pa\u00eds. En su rol de Ministro de la Iglesia de Dios, se ha convertido en uno de los predicadores y charlistas m\u00e1s reconocidos y solicitados a nivel local, por sus temas orientados fundamentalmente a las necesidades psicosociales y espirituales del ser humano.<\/span><\/p>\n<\/p>\n<p><span class=\"text1noticias\">?Entre la risa y la reflexi\u00f3n? ha recibido cr\u00edticas favorables de varias personalidades de la vida p\u00fablica de la Rep\u00fablica Dominicana, quienes catalogan la obra como una fuente de inspiraci\u00f3n y de reencuentro con el yo interior. Miguel Collado, escritor, poeta, bibliogr\u00e1fico y profesor universitario, ha catalogado este libro como ??un verdadero oasis espiritual, valiosa fuente de sabidur\u00eda y humor bien combinado?.<\/span><\/p>\n<\/p>\n<p><span class=\"text1noticias\">Bartolo Garc\u00eda Molina, reconocido ling\u00fcista y escritor, quien tendr\u00e1 a su cargo la presentaci\u00f3n de la obra durante la puesta en circulaci\u00f3n, la describe afirmando que ??es una antolog\u00eda parad\u00f3jica, pues contiene diversos g\u00e9neros discursivos y medios textuales: chistes, consejos, ensayos, relatos, di\u00e1logos, an\u00e9cdotas, ep\u00edstolas?todos unidos y justificados por la fina picard\u00eda, la curiosidad, el humor y la reflexi\u00f3n subyacentes. Es un libro para entretener, sin duda, tal vez para re\u00edr, pero parad\u00f3jicamente, es un libro para pensar y repensar la vida, para asumir valores y, quiz\u00e1s, para llorar?.<\/span><\/p>\n<\/p>\n<p><span class=\"text1noticias\">El prologuista de ?Entre la risa y la reflexi\u00f3n?, Carlos T. Mart\u00ednez, declara que el libro ??encierra una verdad en conjunto, dif\u00edcil de desestimar. Los seres humanos podr\u00e1n emerger de las cenizas, recuperarse de cataclismos y cat\u00e1strofes; superar sus expectativas tecnol\u00f3gicas y materiales y hasta evolucionar, pero nunca podr\u00e1n desligarse de sus valores internos, de su verdadera esencia?.<\/span><\/p>\n<\/p>\n<p><span class=\"text1noticias\">?Entre la risa y la reflexi\u00f3n? consta de 14 cap\u00edtulos distribuidos en 320 p\u00e1ginas, cada uno portador de un grupo de an\u00e9cdotas, mensajes o reflexiones: Para vivir de la risa; Jocosidades y ocurrencias; El matrimonio no es el demonio; @Hotmater.Pater; Escucha a tu hijo\/a; El hombre y la mujer; Para una armoniosa relaci\u00f3n; El tesoro de la amistad; La llave la tiene Dios; De un pastor y una iglesia; Un asunto de cristianos; Hacia la cima del \u00e9xito; S\u00f3lo para l\u00edderes, y Curiosidades de la ciencia y la cultura.<\/span><\/p>\n<h6> 2009-04-13 16:27:39 <\/h6>\n<p><!--\n<link rel=\"stylesheet\" href=\"css\/bootstrap.min.css\">\n\n\n<ul class=\"pagination\">\n\t    \n\t\n\n<li >\n\t<a href='?page_no=21823'>Previous<\/a>\n\t<\/li>\n\n\n       \n    \n\n<li><a href='?page_no=1'>1<\/a><\/li>\n\n\n\n<li><a href='?page_no=2'>2<\/a><\/li>\n\n\n\n<li><a>...<\/a><\/li>\n\n\n\n<li><a href='?page_no=21822'>21822<\/a><\/li>\n\n\n\n<li><a href='?page_no=21823'>21823<\/a><\/li>\n\n\n\n<li class='active'><a>21824<\/a><\/li>\n\n\n\n<li><a href='?page_no=21825'>21825<\/a><\/li>\n\n\n\n<li><a href='?page_no=21826'>21826<\/a><\/li>\n\n\n\n<li><a>...<\/a><\/li>\n\n\n\n<li><a href='?page_no=22911'>22911<\/a><\/li>\n\n\n\n<li><a href='?page_no=22912'>22912<\/a><\/li>\n\n    \n\t\n\n<li >\n\t<a href='?page_no=21825'>Next<\/a>\n\t<\/li>\n\n\n    \n\n<li><a href='?page_no=22912'>Last &rsaquo;&rsaquo;<\/a><\/li>\n\n<\/ul>\n\n\n--><br \/>\n<\/body><\/p>\n","protected":false},"excerpt":{"rendered":"<p>El F\u00f3rum Pedro Mir del Centro Cuesta del Libro de la Av. 27 de Febrero, ser\u00e1 el escenario en donde se pondr\u00e1 a circular, el pr\u00f3ximo martes, 14 de abril de 2009, a partir de las seis de la tarde, el compendio ?Entre la risa y la reflexi\u00f3n?, antolog\u00eda que combina frases, consejos, refranes, pensamientos, [&hellip;]<\/p>\n","protected":false},"author":3,"featured_media":0,"comment_status":"open","ping_status":"open","sticky":false,"template":"","format":"standard","meta":{"footnotes":""},"categories":[21],"tags":[],"class_list":["post-70146","post","type-post","status-publish","format-standard","hentry","category-cultura"],"_links":{"self":[{"href":"https:\/\/diariodominicano.com\/index.php?rest_route=\/wp\/v2\/posts\/70146","targetHints":{"allow":["GET"]}}],"collection":[{"href":"https:\/\/diariodominicano.com\/index.php?rest_route=\/wp\/v2\/posts"}],"about":[{"href":"https:\/\/diariodominicano.com\/index.php?rest_route=\/wp\/v2\/types\/post"}],"author":[{"embeddable":true,"href":"https:\/\/diariodominicano.com\/index.php?rest_route=\/wp\/v2\/users\/3"}],"replies":[{"embeddable":true,"href":"https:\/\/diariodominicano.com\/index.php?rest_route=%2Fwp%2Fv2%2Fcomments&post=70146"}],"version-history":[{"count":0,"href":"https:\/\/diariodominicano.com\/index.php?rest_route=\/wp\/v2\/posts\/70146\/revisions"}],"wp:attachment":[{"href":"https:\/\/diariodominicano.com\/index.php?rest_route=%2Fwp%2Fv2%2Fmedia&parent=70146"}],"wp:term":[{"taxonomy":"category","embeddable":true,"href":"https:\/\/diariodominicano.com\/index.php?rest_route=%2Fwp%2Fv2%2Fcategories&post=70146"},{"taxonomy":"post_tag","embeddable":true,"href":"https:\/\/diariodominicano.com\/index.php?rest_route=%2Fwp%2Fv2%2Ftags&post=70146"}],"curies":[{"name":"wp","href":"https:\/\/api.w.org\/{rel}","templated":true}]}}