{"id":70141,"date":"2009-04-17T17:47:05","date_gmt":"2009-04-17T17:47:05","guid":{"rendered":"http:\/\/diariodominicano.ddns.net\/?p=70141"},"modified":"2009-04-17T17:47:05","modified_gmt":"2009-04-17T17:47:05","slug":"en-el-museo-del-hombre-dominicano-35-anos-de-carnaval-afro-bahiano","status":"publish","type":"post","link":"https:\/\/diariodominicano.com\/?p=70141","title":{"rendered":"En El Museo Del Hombre Dominicano ?35 anos de carnaval afro-bahiano?"},"content":{"rendered":"<p><body><\/p>\n<p><img decoding=\"async\" src=\"img3\/museo.jpg\" \/>  <\/p>\n<p><span class=\"text1noticias\">SANTO DOMINGO. Como parte del acto inaugural de La XII Feria Internacional del Libro Santo Domingo 2009, en homenaje al gran maestro y escritor dominicano Juan Bosch, y como pa\u00eds invitados a Brasil,  La Secretar\u00eda de Estado de Cultura, el Museo del Hombre Dominicano, Ministerio de Cultura de de Brasil y la Direcci\u00f3n General de la Feria del Libro dejaran abierta este lunes 20 de abril a las  05:00 de la tarde hasta el cierre de la Feria, 3 mayo.  La importante muestra  ?35 a\u00f1os de carnaval afro-bahiano?.<\/span><\/p>\n<\/p>\n<p><span class=\"text1noticias\">Las informaciones fueron suministradas por el Director del Museo, licenciado Juan Rodr\u00edguez Acosta, quien aclara que todos los visitantes podr\u00e1n apreciar una verdadera fiesta de  identidad brasile\u00f1a a trav\u00e9s de las Bellas Artes.<\/span><\/p>\n<\/p>\n<p><span class=\"text1noticias\">Muestra exhibir\u00e1 los m\u00e1s impresionante accesorios carnavalescos de los bloques (Todas las escuelas de samba), y producidas y curada por el artista pl\u00e1stico Alberto Pitta del artista <\/span><\/p>\n<\/p>\n<p><span class=\"text1noticias\">En declaraciones, el famoso creador brasile\u00f1o, dijo que todas las expresiones culturales bahianas son muy abiertas. Hay una transformaci\u00f3n intuitiva por la musicalidad de la gente. <\/span><\/p>\n<\/p>\n<p><span class=\"text1noticias\">?Por ser una tierra negra tenemos un reggae que no es un reggae normal sino una samba reggae. Eso es lo interesante: nada es copia. Somos fruto de un ambiente musical creado por grandes sambistas, empezando por Dorival Caymmi?<\/span><\/p>\n<\/p>\n<p><span class=\"text1noticias\">Alberto Pitta es un reconocido maestro idealizador y presidente del Cortejo Afro de Salvador, capital de Bah\u00eda, una de las m\u00e1s importante ciudades brasile\u00f1a en la historia del carnaval de esa naci\u00f3n.<\/span><\/p>\n<\/p>\n<p><span class=\"text1noticias\">En Salvador-Bah\u00eda se inicio el Carnaval de Calle (Popular), y R\u00edo de Janeiro es muy famosa en el \u00e1mbito mundial por a su vistoso y organizado carnaval, convirti\u00e9ndose en una gran industrial.<\/span><\/p>\n<\/p>\n<p><span class=\"text1noticias\">El Carnaval de Brasil es una celebraci\u00f3n anual que tiene lugar cuarenta d\u00edas antes de pascua (marcando el comienzo de la cuaresma). Tiene algunas variaciones con su contraparte europea y tambi\u00e9n diferencias a lo largo del territorio brasile\u00f1o<\/span><\/p>\n<\/p>\n<p><span class=\"text1noticias\">A pesar de la inspiraci\u00f3n cat\u00f3lica m\u00e1s bien es celebrado como una fiesta profana que como un evento religioso.<\/span><\/p>\n<\/p>\n<p><span class=\"text1noticias\">Sus or\u00edgenes europeos se remontan a una clase de carnaval llamado introito (\u00abentrada\u00bb en lat\u00ed) y entrudo en idioma, que se caracteriza por el juego de tirarse agua de una persona a otra para purificar el cuerpo. El entrudo fue prohibido sin demasiado \u00e9xito a mediados del siglo XIX porque era considerado violento por las clases sociales altas (se dice que algunas personas mor\u00edan por infecciones y otras enfermedades debido a que algunas veces se tiraban frutas podridas).<\/span><\/p>\n<\/p>\n<p><span class=\"text1noticias\">A finales del siglo XIX, los cord\u00f5es (\u00ablazos\u00bb, en portugu\u00e9s) fueron introducidos en R\u00edo de Janeiro y consist\u00edan en grupos de personas que caminaban por las calles tocando m\u00fasica y bailando. Los cord\u00f5es fueron los antecesores de las modernas escuelas de samba.<\/span><\/p>\n<h6> 2009-04-17 17:47:05 <\/h6>\n<p><!--\n<link rel=\"stylesheet\" href=\"css\/bootstrap.min.css\">\n\n\n<ul class=\"pagination\">\n\t    \n\t\n\n<li >\n\t<a href='?page_no=21818'>Previous<\/a>\n\t<\/li>\n\n\n       \n    \n\n<li><a href='?page_no=1'>1<\/a><\/li>\n\n\n\n<li><a href='?page_no=2'>2<\/a><\/li>\n\n\n\n<li><a>...<\/a><\/li>\n\n\n\n<li><a href='?page_no=21817'>21817<\/a><\/li>\n\n\n\n<li><a href='?page_no=21818'>21818<\/a><\/li>\n\n\n\n<li class='active'><a>21819<\/a><\/li>\n\n\n\n<li><a href='?page_no=21820'>21820<\/a><\/li>\n\n\n\n<li><a href='?page_no=21821'>21821<\/a><\/li>\n\n\n\n<li><a>...<\/a><\/li>\n\n\n\n<li><a href='?page_no=22911'>22911<\/a><\/li>\n\n\n\n<li><a href='?page_no=22912'>22912<\/a><\/li>\n\n    \n\t\n\n<li >\n\t<a href='?page_no=21820'>Next<\/a>\n\t<\/li>\n\n\n    \n\n<li><a href='?page_no=22912'>Last &rsaquo;&rsaquo;<\/a><\/li>\n\n<\/ul>\n\n\n--><br \/>\n<\/body><\/p>\n","protected":false},"excerpt":{"rendered":"<p>SANTO DOMINGO. Como parte del acto inaugural de La XII Feria Internacional del Libro Santo Domingo 2009, en homenaje al gran maestro y escritor dominicano Juan Bosch, y como pa\u00eds invitados a Brasil, La Secretar\u00eda de Estado de Cultura, el Museo del Hombre Dominicano, Ministerio de Cultura de de Brasil y la Direcci\u00f3n General de [&hellip;]<\/p>\n","protected":false},"author":3,"featured_media":0,"comment_status":"open","ping_status":"open","sticky":false,"template":"","format":"standard","meta":{"footnotes":""},"categories":[21],"tags":[],"class_list":["post-70141","post","type-post","status-publish","format-standard","hentry","category-cultura"],"_links":{"self":[{"href":"https:\/\/diariodominicano.com\/index.php?rest_route=\/wp\/v2\/posts\/70141","targetHints":{"allow":["GET"]}}],"collection":[{"href":"https:\/\/diariodominicano.com\/index.php?rest_route=\/wp\/v2\/posts"}],"about":[{"href":"https:\/\/diariodominicano.com\/index.php?rest_route=\/wp\/v2\/types\/post"}],"author":[{"embeddable":true,"href":"https:\/\/diariodominicano.com\/index.php?rest_route=\/wp\/v2\/users\/3"}],"replies":[{"embeddable":true,"href":"https:\/\/diariodominicano.com\/index.php?rest_route=%2Fwp%2Fv2%2Fcomments&post=70141"}],"version-history":[{"count":0,"href":"https:\/\/diariodominicano.com\/index.php?rest_route=\/wp\/v2\/posts\/70141\/revisions"}],"wp:attachment":[{"href":"https:\/\/diariodominicano.com\/index.php?rest_route=%2Fwp%2Fv2%2Fmedia&parent=70141"}],"wp:term":[{"taxonomy":"category","embeddable":true,"href":"https:\/\/diariodominicano.com\/index.php?rest_route=%2Fwp%2Fv2%2Fcategories&post=70141"},{"taxonomy":"post_tag","embeddable":true,"href":"https:\/\/diariodominicano.com\/index.php?rest_route=%2Fwp%2Fv2%2Ftags&post=70141"}],"curies":[{"name":"wp","href":"https:\/\/api.w.org\/{rel}","templated":true}]}}