{"id":70140,"date":"2009-04-17T22:54:50","date_gmt":"2009-04-17T22:54:50","guid":{"rendered":"http:\/\/diariodominicano.ddns.net\/?p=70140"},"modified":"2009-04-17T22:54:50","modified_gmt":"2009-04-17T22:54:50","slug":"uasd-publicara-25-obras-en-xll-feria-internacional-del-libro","status":"publish","type":"post","link":"https:\/\/diariodominicano.com\/?p=70140","title":{"rendered":"UASD  publicar\u00e1 25 obras en Xll Feria Internacional del Libro"},"content":{"rendered":"<p><body><\/p>\n<p><span class=\"text1noticias\">La Universidad Aut\u00f3noma de Santo Domingo publicar\u00e1 25 obras en la XII Feria Internacional del Libro que ser\u00e1 inaugurada el pr\u00f3ximo lunes 20 de abril, dedicada  al profesor  Juan Bosh y que tiene como pa\u00eds invitado a Brasil.<\/span><\/p>\n<\/p>\n<p><span class=\"text1noticias\">El rector de la UASD, doctor Franklin Grac\u00eda Fermin dijo que esa instituci\u00f3n acad\u00e9mica con su participaci\u00f3n en el evento contribuye al fortalecimineto de la lectura y del conocimiento.<\/span><\/p>\n<\/p>\n<p><span class=\"text1noticias\">La representaci\u00f3n de la universidad estatal en el evento internacional es coordinada por la Rector\u00eda y la Vicerrector\u00eda de Extenci\u00f3n, cuyas dependencias fijaron para el mi\u00e9rcoles 29 de abril la puesta en circulacion de los libros de esa instituci\u00f3n.<\/span><\/p>\n<\/p>\n<p><span class=\"text1noticias\">Entre las obras que ser\u00e1n publicadas figuran: ?Diccionario pedag\u00f3gico?, de Miledys Taveras; ?Concepto b\u00e1sico de comunicaci\u00f3n de datos?, Miguel Mart\u00ednez Roa; ?Meollos dominicanos?, Orlando Objio, y ?Crisis de Valores en Rep\u00fablica Dominicana?, de Mirian D\u00edaz.<\/span><\/p>\n<\/p>\n<p><span class=\"text1noticias\">Tambi\u00e9n se dictar\u00e1n varias conferencias como son: ?La Educaci\u00f3n de los J\u00f3venes en la Protecci\u00f3n del Patrimonio Cultural Dominicano, una Responsabilidad Nacional?, el martes 21 a las 5:00 de la tarde; ?Embarazo en la adolescencia?, el 23 de abril; ?Salud Reproductiva y Salud Familiar? , el domingo 26, y ?Atenci\u00f3n al ni\u00f1o sano?, el viernes 1 de mayo.<\/span><\/p>\n<\/p>\n<p><span class=\"text1noticias\">Asimismo se abordar\u00e1n temas como la ?Bioseguridad? , el martes 28 a las 3:00 de la tarde, y ?Riesgos Laborales?, el mi\u00e9rcoles 29 de abril y el s\u00e1bado 2 de mayo.<\/span><\/p>\n<\/p>\n<p><span class=\"text1noticias\">Adem\u00e1s, el doctor M\u00e1ximo Encarnaci\u00f3n presentar\u00e1 la ponencia ?El aprendizaje del idioma ingl\u00e9s como lengua extranjera: una experiencia inolvidable?, el 24 de abril, a las 5:00 p. m., as\u00ed como lecturas y conversatorios sobre libros escritos por la Escuela de Letras de la UASD.<\/span><\/p>\n<\/p>\n<p><span class=\"text1noticias\">Las actividades antes citadas seran realizadas en la sala universitaria de la Cinemateca Dominicana.<\/span><\/p>\n<h6> 2009-04-17 22:54:50 <\/h6>\n<p><!--\n<link rel=\"stylesheet\" href=\"css\/bootstrap.min.css\">\n\n\n<ul class=\"pagination\">\n\t    \n\t\n\n<li >\n\t<a href='?page_no=21817'>Previous<\/a>\n\t<\/li>\n\n\n       \n    \n\n<li><a href='?page_no=1'>1<\/a><\/li>\n\n\n\n<li><a href='?page_no=2'>2<\/a><\/li>\n\n\n\n<li><a>...<\/a><\/li>\n\n\n\n<li><a href='?page_no=21816'>21816<\/a><\/li>\n\n\n\n<li><a href='?page_no=21817'>21817<\/a><\/li>\n\n\n\n<li class='active'><a>21818<\/a><\/li>\n\n\n\n<li><a href='?page_no=21819'>21819<\/a><\/li>\n\n\n\n<li><a href='?page_no=21820'>21820<\/a><\/li>\n\n\n\n<li><a>...<\/a><\/li>\n\n\n\n<li><a href='?page_no=22911'>22911<\/a><\/li>\n\n\n\n<li><a href='?page_no=22912'>22912<\/a><\/li>\n\n    \n\t\n\n<li >\n\t<a href='?page_no=21819'>Next<\/a>\n\t<\/li>\n\n\n    \n\n<li><a href='?page_no=22912'>Last &rsaquo;&rsaquo;<\/a><\/li>\n\n<\/ul>\n\n\n--><br \/>\n<\/body><\/p>\n","protected":false},"excerpt":{"rendered":"<p>La Universidad Aut\u00f3noma de Santo Domingo publicar\u00e1 25 obras en la XII Feria Internacional del Libro que ser\u00e1 inaugurada el pr\u00f3ximo lunes 20 de abril, dedicada al profesor Juan Bosh y que tiene como pa\u00eds invitado a Brasil. El rector de la UASD, doctor Franklin Grac\u00eda Fermin dijo que esa instituci\u00f3n acad\u00e9mica con su participaci\u00f3n [&hellip;]<\/p>\n","protected":false},"author":3,"featured_media":0,"comment_status":"open","ping_status":"open","sticky":false,"template":"","format":"standard","meta":{"footnotes":""},"categories":[21],"tags":[],"class_list":["post-70140","post","type-post","status-publish","format-standard","hentry","category-cultura"],"_links":{"self":[{"href":"https:\/\/diariodominicano.com\/index.php?rest_route=\/wp\/v2\/posts\/70140","targetHints":{"allow":["GET"]}}],"collection":[{"href":"https:\/\/diariodominicano.com\/index.php?rest_route=\/wp\/v2\/posts"}],"about":[{"href":"https:\/\/diariodominicano.com\/index.php?rest_route=\/wp\/v2\/types\/post"}],"author":[{"embeddable":true,"href":"https:\/\/diariodominicano.com\/index.php?rest_route=\/wp\/v2\/users\/3"}],"replies":[{"embeddable":true,"href":"https:\/\/diariodominicano.com\/index.php?rest_route=%2Fwp%2Fv2%2Fcomments&post=70140"}],"version-history":[{"count":0,"href":"https:\/\/diariodominicano.com\/index.php?rest_route=\/wp\/v2\/posts\/70140\/revisions"}],"wp:attachment":[{"href":"https:\/\/diariodominicano.com\/index.php?rest_route=%2Fwp%2Fv2%2Fmedia&parent=70140"}],"wp:term":[{"taxonomy":"category","embeddable":true,"href":"https:\/\/diariodominicano.com\/index.php?rest_route=%2Fwp%2Fv2%2Fcategories&post=70140"},{"taxonomy":"post_tag","embeddable":true,"href":"https:\/\/diariodominicano.com\/index.php?rest_route=%2Fwp%2Fv2%2Ftags&post=70140"}],"curies":[{"name":"wp","href":"https:\/\/api.w.org\/{rel}","templated":true}]}}