{"id":70138,"date":"2009-04-20T17:09:37","date_gmt":"2009-04-20T17:09:37","guid":{"rendered":"http:\/\/diariodominicano.ddns.net\/?p=70138"},"modified":"2009-04-20T17:09:37","modified_gmt":"2009-04-20T17:09:37","slug":"en-el-museo-de-arte-moderno-luz-del-caribe-de-jorge-riveros-2","status":"publish","type":"post","link":"https:\/\/diariodominicano.com\/?p=70138","title":{"rendered":"En el Museo de Arte Moderno ?LUZ DEL CARIBE? de Jorge Riveros"},"content":{"rendered":"<p><body><\/p>\n<p><img decoding=\"async\" src=\"img3\/colon.jpg\" \/>  <\/p>\n<p><span class=\"text1noticias\">La Embajada de Colombia ante el Gobierno de la Rep\u00fablica Dominicana, la  Secretar\u00eda de Estado de Cultura, la Direcci\u00f3n General de la Feria del Libro y el Museo de Arte Moderno  inaugurar\u00e1n  el pr\u00f3ximo mi\u00e9rcoles 22 de abril a las 7:00 p.m. la exposici\u00f3n ?LUZ DEL CARIBE? del artista colombiano Jorge Riveros, en el marco de la XII Feria Internacional del Libro Santo Domingo 2009 en la S\u00f3tano del Museo de Arte Moderno.<\/span><\/p>\n<p><span class=\"text1noticias\"> <\/span><\/p>\n<p><span class=\"text1noticias\">Esta muestra est\u00e1 compuesta por una serie de pinturas de corte expresionista de tendencia abstraccionista y con una rica policrom\u00eda que enfatiza las formas geom\u00e9tricas colocadas de una manera din\u00e1mica y bien interrelacionadas.<\/span><\/p>\n<p><span class=\"text1noticias\"> <\/span><\/p>\n<p><span class=\"text1noticias\">Jorge Riveros naci\u00f3 en Oca\u00f1a, Colombia en el a\u00f1o 1934. Obtuvo su t\u00edtulo de Maestro en pintura y Profesor de dibujo por la Escuela de la Universidad Nacional de Colombia. En Madrid, Espa\u00f1a curs\u00f3 estudios universitarios de Historia del Arte y Pintura Mural. M\u00e1s adelante, fue nombrado profesor titular de la Escuela de Bellas Artes de la Universidad Nacional de Colombia. <\/span><\/p>\n<p><span class=\"text1noticias\"> <\/span><\/p>\n<p><span class=\"text1noticias\">Dentro de sus exposiciones individuales se pueden mencionar: 2000 &#8211; Galer\u00eda La Carreta, Sitges, Barcelona. 2001 &#8211; Consulado General de Colombia en Barcelona. Espa\u00f1a. 2003 &#8211; Restauraci\u00f3n Mural del Maestro y Padre Alem\u00e1n Ivo Schaible.  Parroquia Alemana San Miguel. Bogot\u00e1. 004 Galer\u00eda Arte Autopista. Medell\u00edn. 2005 Universidad Los Libertadores. ?Una mirada a la obra del Maestro Riveros?. Bogota. 2006 CENFER, Bucaramanga, Homenaje a su Vida y Obra. 2007 Centro Cultural Carri\u00f3n Vivar. Obra actual. Bogot\u00e1. <\/span><\/p>\n<p><span class=\"text1noticias\"> <\/span><\/p>\n<p><span class=\"text1noticias\">Ha hecho numerosas colectivas dentro de las cuales figuran: 2003  O\u00f1ate Fine Art. Miami.  2004  Galer\u00eda Carri\u00f3n Vivar. Bogot\u00e1. 2004 Escultura ?Mariposa? Animarte. Bogot\u00e1. Subastado por Christie?s. New York.  2005 Sala de Arte Universidad UDCA. Bogot\u00e1.  2006  IV Feria de Artistas del Oriente Colombiano, Bucaramanga. 2007 Abstracci\u00f3n Geom\u00e9trica en Colombia, Galer\u00eda Mundo, Bogot\u00e1. 2007  ?Equus Arte?, Fundaci\u00f3n Coraz\u00f3n Verde Bogot\u00e1, Subastado con la colaboraci\u00f3n de Christie?s. New York.<\/span><\/p>\n<p><span class=\"text1noticias\">                                                      <\/span><\/p>\n<p><span class=\"text1noticias\">Recibi\u00f3 el reconocimiento de la Alcald\u00eda de Bucaramanga, de la C\u00e1mara de  Comercio y de la Gobernaci\u00f3n de Santander.<\/span><\/p>\n<p><span class=\"text1noticias\"> <\/span><\/p>\n<p><span class=\"text1noticias\">Para Francisco Gil Tovar, reconocido historiador de arte y cr\u00edtico colombiano,?Solamente cuando un pintor cuenta con un s\u00f3lido bagaje tras de si, puede evolucionar con \u00e9xito  hacia una tendencia est\u00e9ticamente distinta a la que cultiv\u00f3 en el pasado. Este es el caso de Jorge Riveros, a quien hemos conocido desde hace unas d\u00e9cadas en su etapa de constructivista y de escarceos en los aleda\u00f1os del cubismo y del simbolismo con evocaciones orientales, produciendo una pintura brillante, seria y de rico color bajo el mandato de una mente clara?.<\/span><\/p>\n<p><span class=\"text1noticias\"> <\/span><\/p>\n<p><span class=\"text1noticias\">Las pinturas del pintor colombiano Jorge Riveros son una s\u00edntesis art\u00edstica con una herencia doble. Una abstracci\u00f3n y estudio crom\u00e1tico de las antiguas culturas de Centro y Sudam\u00e9rica (Mayas, Aztecas, Incas, etc.) que dan testimonio de un talento maduro y notable.<\/span><\/p>\n<p><span class=\"text1noticias\"> <\/span><\/p>\n<p><span class=\"text1noticias\">La exposici\u00f3n ?LUZ DEL CARIBE? del artista colombiano Jorge Riveros cuenta con el patrocinio de Proexport, Avianca, y Orkaribbean.  Estar\u00e1 abierta al p\u00fablico hasta el 11 de mayo en el Museo de Arte Moderno de la Rep\u00fablica Dominicana, localizado en Avda. Pedro Henr\u00edquez Ure\u00f1a, Plaza de la Cultura Juan Pablo Duarte, en horario de martes a domingos de 9:00 a.m. a 5:00 p.m. <\/span><\/p>\n<h6> 2009-04-20 17:09:37 <\/h6>\n<p><!--\n<link rel=\"stylesheet\" href=\"css\/bootstrap.min.css\">\n\n\n<ul class=\"pagination\">\n\t    \n\t\n\n<li >\n\t<a href='?page_no=21815'>Previous<\/a>\n\t<\/li>\n\n\n       \n    \n\n<li><a href='?page_no=1'>1<\/a><\/li>\n\n\n\n<li><a href='?page_no=2'>2<\/a><\/li>\n\n\n\n<li><a>...<\/a><\/li>\n\n\n\n<li><a href='?page_no=21814'>21814<\/a><\/li>\n\n\n\n<li><a href='?page_no=21815'>21815<\/a><\/li>\n\n\n\n<li class='active'><a>21816<\/a><\/li>\n\n\n\n<li><a href='?page_no=21817'>21817<\/a><\/li>\n\n\n\n<li><a href='?page_no=21818'>21818<\/a><\/li>\n\n\n\n<li><a>...<\/a><\/li>\n\n\n\n<li><a href='?page_no=22911'>22911<\/a><\/li>\n\n\n\n<li><a href='?page_no=22912'>22912<\/a><\/li>\n\n    \n\t\n\n<li >\n\t<a href='?page_no=21817'>Next<\/a>\n\t<\/li>\n\n\n    \n\n<li><a href='?page_no=22912'>Last &rsaquo;&rsaquo;<\/a><\/li>\n\n<\/ul>\n\n\n--><br \/>\n<\/body><\/p>\n","protected":false},"excerpt":{"rendered":"<p>La Embajada de Colombia ante el Gobierno de la Rep\u00fablica Dominicana, la Secretar\u00eda de Estado de Cultura, la Direcci\u00f3n General de la Feria del Libro y el Museo de Arte Moderno inaugurar\u00e1n el pr\u00f3ximo mi\u00e9rcoles 22 de abril a las 7:00 p.m. la exposici\u00f3n ?LUZ DEL CARIBE? del artista colombiano Jorge Riveros, en el marco [&hellip;]<\/p>\n","protected":false},"author":3,"featured_media":0,"comment_status":"open","ping_status":"open","sticky":false,"template":"","format":"standard","meta":{"footnotes":""},"categories":[21],"tags":[],"class_list":["post-70138","post","type-post","status-publish","format-standard","hentry","category-cultura"],"_links":{"self":[{"href":"https:\/\/diariodominicano.com\/index.php?rest_route=\/wp\/v2\/posts\/70138","targetHints":{"allow":["GET"]}}],"collection":[{"href":"https:\/\/diariodominicano.com\/index.php?rest_route=\/wp\/v2\/posts"}],"about":[{"href":"https:\/\/diariodominicano.com\/index.php?rest_route=\/wp\/v2\/types\/post"}],"author":[{"embeddable":true,"href":"https:\/\/diariodominicano.com\/index.php?rest_route=\/wp\/v2\/users\/3"}],"replies":[{"embeddable":true,"href":"https:\/\/diariodominicano.com\/index.php?rest_route=%2Fwp%2Fv2%2Fcomments&post=70138"}],"version-history":[{"count":0,"href":"https:\/\/diariodominicano.com\/index.php?rest_route=\/wp\/v2\/posts\/70138\/revisions"}],"wp:attachment":[{"href":"https:\/\/diariodominicano.com\/index.php?rest_route=%2Fwp%2Fv2%2Fmedia&parent=70138"}],"wp:term":[{"taxonomy":"category","embeddable":true,"href":"https:\/\/diariodominicano.com\/index.php?rest_route=%2Fwp%2Fv2%2Fcategories&post=70138"},{"taxonomy":"post_tag","embeddable":true,"href":"https:\/\/diariodominicano.com\/index.php?rest_route=%2Fwp%2Fv2%2Ftags&post=70138"}],"curies":[{"name":"wp","href":"https:\/\/api.w.org\/{rel}","templated":true}]}}