{"id":70137,"date":"2009-04-20T17:43:15","date_gmt":"2009-04-20T17:43:15","guid":{"rendered":"http:\/\/diariodominicano.ddns.net\/?p=70137"},"modified":"2009-04-20T17:43:15","modified_gmt":"2009-04-20T17:43:15","slug":"feria-del-libro-costara-entre-rd50-y-rd80-millones","status":"publish","type":"post","link":"https:\/\/diariodominicano.com\/?p=70137","title":{"rendered":"Feria del Libro costar\u00e1 entre RD$50 y RD$80 millones"},"content":{"rendered":"<p><body><\/p>\n<p><span class=\"text1noticias\">Santo Domingo.- La inversi\u00f3n general para  XII Feria Internacional del Libro 2009, que ser\u00e1 inaugurada esta noche,  se encuentra entre los RD$50 y RD$80millones, de acuerdo con el secretario de Cultura.<\/span><\/p>\n<\/p>\n<p><span class=\"text1noticias\">El secretario de Cultura, Rafael Lantigua, indic\u00f3 que en esta ocasi\u00f3n han reducido costos en inversi\u00f3n y es un evento que se promueve solo, por lo que espera la masiva asistencia de los dominicanos.<\/span><\/p>\n<\/p>\n<p><span class=\"text1noticias\">Dijo que la actividad moviliza cerca de 300 millones de pesos en venta de libros y otros art\u00edculos y otros beneficios.<\/span><\/p>\n<\/p>\n<p><span class=\"text1noticias\">De su lado, el director general de la Feria, Alejandro Arvelo, destac\u00f3 que ha habido poca publicidad del evento debido a las restricciones en el Estado por la austeridad y que este a\u00f1o han considerado los precios de los libros para que lleguen al consumidor a m\u00e1s bajo costo.<\/span><\/p>\n<\/p>\n<p><span class=\"text1noticias\">Agreg\u00f3 que la Ley 502-08, en el art\u00edculo 54 declara a la Feria del Libro como un evento de alto inter\u00e9s social y zona franca temporal, por lo que los libros entran libre de impuestos.<\/span><\/p>\n<\/p>\n<p><span class=\"text1noticias\">Al referirse a la organizaci\u00f3n del evento, Arvelo destac\u00f3 que s\u00f3lo est\u00e1 supervisando detalles y que hace dos d\u00edas librer\u00edas y pabellones se comenzaron a instalar.<\/span><\/p>\n<\/p>\n<p><span class=\"text1noticias\">Desde tempranas horas de la ma\u00f1ana decenas de trabajadores acudieron a dar los \u00faltimos toques al evento, que tendr\u00e1 una duraci\u00f3n de 14 d\u00edas a partir de hoy con Brasil como pa\u00eds invitado. La actividad contar\u00e1 con 36 pabellones.<\/span><\/p>\n<h6> 2009-04-20 17:43:15 <\/h6>\n<p><!--\n<link rel=\"stylesheet\" href=\"css\/bootstrap.min.css\">\n\n\n<ul class=\"pagination\">\n\t    \n\t\n\n<li >\n\t<a href='?page_no=21814'>Previous<\/a>\n\t<\/li>\n\n\n       \n    \n\n<li><a href='?page_no=1'>1<\/a><\/li>\n\n\n\n<li><a href='?page_no=2'>2<\/a><\/li>\n\n\n\n<li><a>...<\/a><\/li>\n\n\n\n<li><a href='?page_no=21813'>21813<\/a><\/li>\n\n\n\n<li><a href='?page_no=21814'>21814<\/a><\/li>\n\n\n\n<li class='active'><a>21815<\/a><\/li>\n\n\n\n<li><a href='?page_no=21816'>21816<\/a><\/li>\n\n\n\n<li><a href='?page_no=21817'>21817<\/a><\/li>\n\n\n\n<li><a>...<\/a><\/li>\n\n\n\n<li><a href='?page_no=22911'>22911<\/a><\/li>\n\n\n\n<li><a href='?page_no=22912'>22912<\/a><\/li>\n\n    \n\t\n\n<li >\n\t<a href='?page_no=21816'>Next<\/a>\n\t<\/li>\n\n\n    \n\n<li><a href='?page_no=22912'>Last &rsaquo;&rsaquo;<\/a><\/li>\n\n<\/ul>\n\n\n--><br \/>\n<\/body><\/p>\n","protected":false},"excerpt":{"rendered":"<p>Santo Domingo.- La inversi\u00f3n general para XII Feria Internacional del Libro 2009, que ser\u00e1 inaugurada esta noche, se encuentra entre los RD$50 y RD$80millones, de acuerdo con el secretario de Cultura. El secretario de Cultura, Rafael Lantigua, indic\u00f3 que en esta ocasi\u00f3n han reducido costos en inversi\u00f3n y es un evento que se promueve solo, [&hellip;]<\/p>\n","protected":false},"author":3,"featured_media":0,"comment_status":"open","ping_status":"open","sticky":false,"template":"","format":"standard","meta":{"footnotes":""},"categories":[21],"tags":[],"class_list":["post-70137","post","type-post","status-publish","format-standard","hentry","category-cultura"],"_links":{"self":[{"href":"https:\/\/diariodominicano.com\/index.php?rest_route=\/wp\/v2\/posts\/70137","targetHints":{"allow":["GET"]}}],"collection":[{"href":"https:\/\/diariodominicano.com\/index.php?rest_route=\/wp\/v2\/posts"}],"about":[{"href":"https:\/\/diariodominicano.com\/index.php?rest_route=\/wp\/v2\/types\/post"}],"author":[{"embeddable":true,"href":"https:\/\/diariodominicano.com\/index.php?rest_route=\/wp\/v2\/users\/3"}],"replies":[{"embeddable":true,"href":"https:\/\/diariodominicano.com\/index.php?rest_route=%2Fwp%2Fv2%2Fcomments&post=70137"}],"version-history":[{"count":0,"href":"https:\/\/diariodominicano.com\/index.php?rest_route=\/wp\/v2\/posts\/70137\/revisions"}],"wp:attachment":[{"href":"https:\/\/diariodominicano.com\/index.php?rest_route=%2Fwp%2Fv2%2Fmedia&parent=70137"}],"wp:term":[{"taxonomy":"category","embeddable":true,"href":"https:\/\/diariodominicano.com\/index.php?rest_route=%2Fwp%2Fv2%2Fcategories&post=70137"},{"taxonomy":"post_tag","embeddable":true,"href":"https:\/\/diariodominicano.com\/index.php?rest_route=%2Fwp%2Fv2%2Ftags&post=70137"}],"curies":[{"name":"wp","href":"https:\/\/api.w.org\/{rel}","templated":true}]}}