{"id":70136,"date":"2009-04-20T18:51:33","date_gmt":"2009-04-20T18:51:33","guid":{"rendered":"http:\/\/diariodominicano.ddns.net\/?p=70136"},"modified":"2009-04-20T18:51:33","modified_gmt":"2009-04-20T18:51:33","slug":"presidente-fernandez-dejara-abierta-esta-nohe-la-feria-del-libro","status":"publish","type":"post","link":"https:\/\/diariodominicano.com\/?p=70136","title":{"rendered":"Presidente Fern\u00e1ndez dejar\u00e1 abierta esta nohe la Feria del libro"},"content":{"rendered":"<p><body><\/p>\n<p><span class=\"text1noticias\">Santo Domingo.- El Presidente Leonel Fern\u00e1ndez encabezar\u00e1 esta noche el acto central de inauguraci\u00f3n  de la XII Feria Internacional del Libro Santo Domingo 2009, la cual est\u00e1 dedicada este a\u00f1o al profesor Juan Bosch y tiene como pa\u00eds invitado a Brasil.<\/span><\/p>\n<\/p>\n<p><span class=\"text1noticias\">Se espera que la Plaza de la Cultura Juan Pablo Duarte recibir\u00e1 durante  catorce d\u00edas a m\u00e1s de dos millones de personas que como cada a\u00f1o se dan cita a la feria. <\/span><\/p>\n<\/p>\n<p><span class=\"text1noticias\">Este a\u00f1o participar\u00e1n 650 expositores, 240 de ellos internacionales, distribuidos en 46 pabellones.<\/span><\/p>\n<\/p>\n<p><span class=\"text1noticias\">Se realizar\u00e1n 2 mil 300 actividades entre espect\u00e1culos, exposiciones, conferencias, proyecciones cinematogr\u00e1ficas, representaciones teatrales, talleres, conversatorios y tertulias con los escritores tanto dominicanos como extranjeros, que son en esta ocasi\u00f3n 216 y 110 respectivamente.<\/span><\/p>\n<\/p>\n<p><span class=\"text1noticias\">?Leer te eleva? es el lema que los organizadores han escogido este a\u00f1o para la feria que inicia hoy y culmina el pr\u00f3ximo 3 de mayo.<\/span><\/p>\n<h6> 2009-04-20 18:51:33 <\/h6>\n<p><!--\n<link rel=\"stylesheet\" href=\"css\/bootstrap.min.css\">\n\n\n<ul class=\"pagination\">\n\t    \n\t\n\n<li >\n\t<a href='?page_no=21813'>Previous<\/a>\n\t<\/li>\n\n\n       \n    \n\n<li><a href='?page_no=1'>1<\/a><\/li>\n\n\n\n<li><a href='?page_no=2'>2<\/a><\/li>\n\n\n\n<li><a>...<\/a><\/li>\n\n\n\n<li><a href='?page_no=21812'>21812<\/a><\/li>\n\n\n\n<li><a href='?page_no=21813'>21813<\/a><\/li>\n\n\n\n<li class='active'><a>21814<\/a><\/li>\n\n\n\n<li><a href='?page_no=21815'>21815<\/a><\/li>\n\n\n\n<li><a href='?page_no=21816'>21816<\/a><\/li>\n\n\n\n<li><a>...<\/a><\/li>\n\n\n\n<li><a href='?page_no=22911'>22911<\/a><\/li>\n\n\n\n<li><a href='?page_no=22912'>22912<\/a><\/li>\n\n    \n\t\n\n<li >\n\t<a href='?page_no=21815'>Next<\/a>\n\t<\/li>\n\n\n    \n\n<li><a href='?page_no=22912'>Last &rsaquo;&rsaquo;<\/a><\/li>\n\n<\/ul>\n\n\n--><br \/>\n<\/body><\/p>\n","protected":false},"excerpt":{"rendered":"<p>Santo Domingo.- El Presidente Leonel Fern\u00e1ndez encabezar\u00e1 esta noche el acto central de inauguraci\u00f3n de la XII Feria Internacional del Libro Santo Domingo 2009, la cual est\u00e1 dedicada este a\u00f1o al profesor Juan Bosch y tiene como pa\u00eds invitado a Brasil. Se espera que la Plaza de la Cultura Juan Pablo Duarte recibir\u00e1 durante catorce [&hellip;]<\/p>\n","protected":false},"author":3,"featured_media":0,"comment_status":"open","ping_status":"open","sticky":false,"template":"","format":"standard","meta":{"footnotes":""},"categories":[21],"tags":[],"class_list":["post-70136","post","type-post","status-publish","format-standard","hentry","category-cultura"],"_links":{"self":[{"href":"https:\/\/diariodominicano.com\/index.php?rest_route=\/wp\/v2\/posts\/70136","targetHints":{"allow":["GET"]}}],"collection":[{"href":"https:\/\/diariodominicano.com\/index.php?rest_route=\/wp\/v2\/posts"}],"about":[{"href":"https:\/\/diariodominicano.com\/index.php?rest_route=\/wp\/v2\/types\/post"}],"author":[{"embeddable":true,"href":"https:\/\/diariodominicano.com\/index.php?rest_route=\/wp\/v2\/users\/3"}],"replies":[{"embeddable":true,"href":"https:\/\/diariodominicano.com\/index.php?rest_route=%2Fwp%2Fv2%2Fcomments&post=70136"}],"version-history":[{"count":0,"href":"https:\/\/diariodominicano.com\/index.php?rest_route=\/wp\/v2\/posts\/70136\/revisions"}],"wp:attachment":[{"href":"https:\/\/diariodominicano.com\/index.php?rest_route=%2Fwp%2Fv2%2Fmedia&parent=70136"}],"wp:term":[{"taxonomy":"category","embeddable":true,"href":"https:\/\/diariodominicano.com\/index.php?rest_route=%2Fwp%2Fv2%2Fcategories&post=70136"},{"taxonomy":"post_tag","embeddable":true,"href":"https:\/\/diariodominicano.com\/index.php?rest_route=%2Fwp%2Fv2%2Ftags&post=70136"}],"curies":[{"name":"wp","href":"https:\/\/api.w.org\/{rel}","templated":true}]}}