{"id":70134,"date":"2009-04-20T19:52:27","date_gmt":"2009-04-20T19:52:27","guid":{"rendered":"http:\/\/diariodominicano.ddns.net\/?p=70134"},"modified":"2009-04-20T19:52:27","modified_gmt":"2009-04-20T19:52:27","slug":"como-quiera-es-dulce","status":"publish","type":"post","link":"https:\/\/diariodominicano.com\/?p=70134","title":{"rendered":"COMO QUIERA ES DULCE&#8230;.."},"content":{"rendered":"<p><body><\/p>\n<p><img decoding=\"async\" src=\"http:\/\/localhost:8080\/img3\/bano.jpg\" \/>  <\/p>\n<p><span class=\"text1noticias\">NAGUA.- Un  vigilante de la  playa  Los  Gringos  de  aqu\u00ed, segu\u00eda con  cautela  los  pasos  que  realizaba  este reportero en momentos  que  disfrutaba  de las  c\u00e1lidas  aguas  del litoral,  ante  las  altas  temperaturas  que se hicieron  sentir todo el  pasado fin  de  semana en toda la  regi\u00f3n,  donde   la  higiene  que  observa la misma  invita  a los  viajantes  y  transe\u00fantes  a  darse  un chapuz\u00f3n y as\u00ed  protestar  para  que contin\u00faen  los  trabajos  del  malec\u00f3n  de  Nagua. <\/span><\/p>\n<\/p>\n<p><span class=\"text1noticias\">El  empleado, intrigado ante  las  numerosas  fotos  que  ven\u00edamos haciendo,  nos  inquiri\u00f3 que si las mismas eran para un reportaje, contest\u00e1ndole  que  si, que  con todo  falta  ortogr\u00e1fica en la  entrada  de un ba\u00f1o port\u00e1til, respondiendo:  que  importa  la  falta  esa, con  s o  c  como quiera  es  dulce, el agua<\/span><\/p>\n<h6> 2009-04-20 19:52:27 <\/h6>\n<p><!--\n<link rel=\"stylesheet\" href=\"css\/bootstrap.min.css\">\n\n\n<ul class=\"pagination\">\n\t    \n\t\n\n<li >\n\t<a href='?page_no=21811'>Previous<\/a>\n\t<\/li>\n\n\n       \n    \n\n<li><a href='?page_no=1'>1<\/a><\/li>\n\n\n\n<li><a href='?page_no=2'>2<\/a><\/li>\n\n\n\n<li><a>...<\/a><\/li>\n\n\n\n<li><a href='?page_no=21810'>21810<\/a><\/li>\n\n\n\n<li><a href='?page_no=21811'>21811<\/a><\/li>\n\n\n\n<li class='active'><a>21812<\/a><\/li>\n\n\n\n<li><a href='?page_no=21813'>21813<\/a><\/li>\n\n\n\n<li><a href='?page_no=21814'>21814<\/a><\/li>\n\n\n\n<li><a>...<\/a><\/li>\n\n\n\n<li><a href='?page_no=22911'>22911<\/a><\/li>\n\n\n\n<li><a href='?page_no=22912'>22912<\/a><\/li>\n\n    \n\t\n\n<li >\n\t<a href='?page_no=21813'>Next<\/a>\n\t<\/li>\n\n\n    \n\n<li><a href='?page_no=22912'>Last &rsaquo;&rsaquo;<\/a><\/li>\n\n<\/ul>\n\n\n--><br \/>\n<\/body><\/p>\n","protected":false},"excerpt":{"rendered":"<p>NAGUA.- Un vigilante de la playa Los Gringos de aqu\u00ed, segu\u00eda con cautela los pasos que realizaba este reportero en momentos que disfrutaba de las c\u00e1lidas aguas del litoral, ante las altas temperaturas que se hicieron sentir todo el pasado fin de semana en toda la regi\u00f3n, donde la higiene que observa la misma invita [&hellip;]<\/p>\n","protected":false},"author":3,"featured_media":0,"comment_status":"open","ping_status":"open","sticky":false,"template":"","format":"standard","meta":{"footnotes":""},"categories":[21],"tags":[],"class_list":["post-70134","post","type-post","status-publish","format-standard","hentry","category-cultura"],"_links":{"self":[{"href":"https:\/\/diariodominicano.com\/index.php?rest_route=\/wp\/v2\/posts\/70134","targetHints":{"allow":["GET"]}}],"collection":[{"href":"https:\/\/diariodominicano.com\/index.php?rest_route=\/wp\/v2\/posts"}],"about":[{"href":"https:\/\/diariodominicano.com\/index.php?rest_route=\/wp\/v2\/types\/post"}],"author":[{"embeddable":true,"href":"https:\/\/diariodominicano.com\/index.php?rest_route=\/wp\/v2\/users\/3"}],"replies":[{"embeddable":true,"href":"https:\/\/diariodominicano.com\/index.php?rest_route=%2Fwp%2Fv2%2Fcomments&post=70134"}],"version-history":[{"count":0,"href":"https:\/\/diariodominicano.com\/index.php?rest_route=\/wp\/v2\/posts\/70134\/revisions"}],"wp:attachment":[{"href":"https:\/\/diariodominicano.com\/index.php?rest_route=%2Fwp%2Fv2%2Fmedia&parent=70134"}],"wp:term":[{"taxonomy":"category","embeddable":true,"href":"https:\/\/diariodominicano.com\/index.php?rest_route=%2Fwp%2Fv2%2Fcategories&post=70134"},{"taxonomy":"post_tag","embeddable":true,"href":"https:\/\/diariodominicano.com\/index.php?rest_route=%2Fwp%2Fv2%2Ftags&post=70134"}],"curies":[{"name":"wp","href":"https:\/\/api.w.org\/{rel}","templated":true}]}}