{"id":70132,"date":"2009-04-20T22:48:26","date_gmt":"2009-04-20T22:48:26","guid":{"rendered":"http:\/\/diariodominicano.ddns.net\/?p=70132"},"modified":"2009-04-20T22:48:26","modified_gmt":"2009-04-20T22:48:26","slug":"defiende-esfuerzos-gestion-leonel-fernandez-modernizar-sistema-judicial","status":"publish","type":"post","link":"https:\/\/diariodominicano.com\/?p=70132","title":{"rendered":"Defiende esfuerzos gesti\u00f3n Leonel Fern\u00e1ndez modernizar sistema judicial"},"content":{"rendered":"<p><body><\/p>\n<p><img decoding=\"async\" src=\"http:\/\/localhost:8080\/img3\/dominic.jpg\" \/>  <\/p>\n<p><span class=\"text1noticias\">Miami, Fl. El  Procurador  General de la Rep\u00fablica Dominicana, doctor Radham\u00e9s Jim\u00e9nez  defendi\u00f3 los esfuerzos que realiza el gobierno para modernizar el sistema judicial y afirm\u00f3 que se encamina a convertirse en uno de los m\u00e1s eficiente del continente.<\/span><\/p>\n<\/p>\n<p><span class=\"text1noticias\">El alto funcionario dominicano expres\u00f3 que en menos de seis a\u00f1os del inicio de las reformas judiciales los logros son muy tangibles y que han provocados elogiosos comentarios de organizaciones internacionales y conocidos expertos.<\/span><\/p>\n<\/p>\n<p><span class=\"text1noticias\">En una conferencia ofrecida el pasado viernes en la prestigiosa universidad Nova Southeastern el doctor Jim\u00e9nez  hizo un pormenorizado recuento de los acontecimientos que han hecho posible la implementaci\u00f3n del nuevo c\u00f3digo penal, la preparaci\u00f3n de los fiscales, el nuevo r\u00e9gimen penitenciario.<\/span><\/p>\n<\/p>\n<p><span class=\"text1noticias\">Ante una selecta audiencia  conocedora del tema, de diversas nacionalidades, Jim\u00e9nez resalt\u00f3 el respaldo del presidente Leonel Fern\u00e1ndez , ?que ha puesto un empe\u00f1o muy personal  para que se materialice en el menor tiempo posible cada uno de los planes. No cabe la menor duda de que a \u00e9l se debe, en gran medida, el \u00e9xito logrado?.<\/span><\/p>\n<\/p>\n<p><span class=\"text1noticias\">El Procurador General de Rep\u00fablica Dominicana manifest\u00f3 que es necesario el involucramiento de la ciudadan\u00eda en aspectos vitales de la modernizaci\u00f3n como es el caso de las reformas penitenciarias. ? El pa\u00eds ha recibido altas calificaciones  por las metas alcanzadas en las reformas lo que ha contribuido a su r\u00e1pido desarrollo?. Anunci\u00f3 que en pocos meses  seis nuevos reclusorios ser\u00e1n agregados a los 14 que ya funcionan dentro del plan.<\/span><\/p>\n<\/p>\n<p><span class=\"text1noticias\">Tambi\u00e9n hizo una fuerte defensa a las funciones de la Escuela Nacional de Ministerio P\u00fablico. ?Es tan notorio el \u00e9xito de esa entidad que por all\u00ed han cursado  estudios  fiscales procedentes  de numerosos pa\u00edses del continente con mayor antig\u00fcedad en el ejercicio del Nuevo C\u00f3digo Penal?. <\/span><\/p>\n<\/p>\n<p><span class=\"text1noticias\">El doctor Jim\u00e9nez acompa\u00f1\u00f3 su charla con un video explicativo de todas las actividades que realizan los internos en las c\u00e1rceles modelos y las opiniones de expertos internacionales sobre los logros obtenidos por el gobierno dominicano. El Procurador General dominicano estuvo acompa\u00f1ado por el licenciado Roberto Santana, director de la Escuela Nacional de Penitenciaria, doctor Ram\u00f3n N\u00fa\u00f1ez, director de la Escuela Nacional del Ministerio P\u00fablico, y licenciada Julieta Tejada, directora de comunicaci\u00f3n de la Procuradur\u00eda.<\/span><\/p>\n<\/p>\n<p><span class=\"text1noticias\">M\u00e1s temprano en el d\u00eda el doctor  Jim\u00e9nez y su comitiva asistieron a encuentros con funcionarios policiales y con el prestigioso bufete de abogados Rothestein , Rosemfel  and Adler (RRA).<\/span><\/p>\n<p><span class=\"text1noticias\">A la charla asistieron, entre otros, las conocidas abogadas dominicanas Sara Cohen y Rosennys Burgos,el c\u00f3nsul dominicano Manuel Alm\u00e1nzar, la licenciada Yokasta V\u00e1squez, Carlos Sainll\u00e9n y Mildred Riolobos, expertos penitenciarios, Danilo Arias, Enrique  Sanubi, y Cristina Garc\u00eda, activistas comunitarios.<\/span><\/p>\n<\/p>\n<p><span class=\"text1noticias\">La conferencia fue organizada por el Consejo Consultivo de la Presidencia para los  Dominicanos en el Exterior-Florida, que dirige el licenciado Jos\u00e9 Zaiter. Al concluir la disertaci\u00f3n se le entreg\u00f3 una placa de reconocimiento al funcionario judicial dominicano.<\/span><\/p>\n<\/p>\n<p><span class=\"text1noticias\">Luego el doctor Jim\u00e9nez convers\u00f3 con un gran n\u00famero de los asistentes sobre diferentes temas judiciales relacionados con la Reforma Constitucional que se ventila actualmente en el Congreso dominicano.<\/span><\/p>\n<h6> 2009-04-20 22:48:26 <\/h6>\n<p><!--\n<link rel=\"stylesheet\" href=\"css\/bootstrap.min.css\">\n\n\n<ul class=\"pagination\">\n\t    \n\t\n\n<li >\n\t<a href='?page_no=21809'>Previous<\/a>\n\t<\/li>\n\n\n       \n    \n\n<li><a href='?page_no=1'>1<\/a><\/li>\n\n\n\n<li><a href='?page_no=2'>2<\/a><\/li>\n\n\n\n<li><a>...<\/a><\/li>\n\n\n\n<li><a href='?page_no=21808'>21808<\/a><\/li>\n\n\n\n<li><a href='?page_no=21809'>21809<\/a><\/li>\n\n\n\n<li class='active'><a>21810<\/a><\/li>\n\n\n\n<li><a href='?page_no=21811'>21811<\/a><\/li>\n\n\n\n<li><a href='?page_no=21812'>21812<\/a><\/li>\n\n\n\n<li><a>...<\/a><\/li>\n\n\n\n<li><a href='?page_no=22911'>22911<\/a><\/li>\n\n\n\n<li><a href='?page_no=22912'>22912<\/a><\/li>\n\n    \n\t\n\n<li >\n\t<a href='?page_no=21811'>Next<\/a>\n\t<\/li>\n\n\n    \n\n<li><a href='?page_no=22912'>Last &rsaquo;&rsaquo;<\/a><\/li>\n\n<\/ul>\n\n\n--><br \/>\n<\/body><\/p>\n","protected":false},"excerpt":{"rendered":"<p>Miami, Fl. El Procurador General de la Rep\u00fablica Dominicana, doctor Radham\u00e9s Jim\u00e9nez defendi\u00f3 los esfuerzos que realiza el gobierno para modernizar el sistema judicial y afirm\u00f3 que se encamina a convertirse en uno de los m\u00e1s eficiente del continente. El alto funcionario dominicano expres\u00f3 que en menos de seis a\u00f1os del inicio de las reformas [&hellip;]<\/p>\n","protected":false},"author":3,"featured_media":0,"comment_status":"open","ping_status":"open","sticky":false,"template":"","format":"standard","meta":{"footnotes":""},"categories":[21],"tags":[],"class_list":["post-70132","post","type-post","status-publish","format-standard","hentry","category-cultura"],"_links":{"self":[{"href":"https:\/\/diariodominicano.com\/index.php?rest_route=\/wp\/v2\/posts\/70132","targetHints":{"allow":["GET"]}}],"collection":[{"href":"https:\/\/diariodominicano.com\/index.php?rest_route=\/wp\/v2\/posts"}],"about":[{"href":"https:\/\/diariodominicano.com\/index.php?rest_route=\/wp\/v2\/types\/post"}],"author":[{"embeddable":true,"href":"https:\/\/diariodominicano.com\/index.php?rest_route=\/wp\/v2\/users\/3"}],"replies":[{"embeddable":true,"href":"https:\/\/diariodominicano.com\/index.php?rest_route=%2Fwp%2Fv2%2Fcomments&post=70132"}],"version-history":[{"count":0,"href":"https:\/\/diariodominicano.com\/index.php?rest_route=\/wp\/v2\/posts\/70132\/revisions"}],"wp:attachment":[{"href":"https:\/\/diariodominicano.com\/index.php?rest_route=%2Fwp%2Fv2%2Fmedia&parent=70132"}],"wp:term":[{"taxonomy":"category","embeddable":true,"href":"https:\/\/diariodominicano.com\/index.php?rest_route=%2Fwp%2Fv2%2Fcategories&post=70132"},{"taxonomy":"post_tag","embeddable":true,"href":"https:\/\/diariodominicano.com\/index.php?rest_route=%2Fwp%2Fv2%2Ftags&post=70132"}],"curies":[{"name":"wp","href":"https:\/\/api.w.org\/{rel}","templated":true}]}}