{"id":70130,"date":"2009-04-21T13:10:27","date_gmt":"2009-04-21T13:10:27","guid":{"rendered":"http:\/\/diariodominicano.ddns.net\/?p=70130"},"modified":"2009-04-21T13:10:27","modified_gmt":"2009-04-21T13:10:27","slug":"presidente-fernandez-inaugura-xii-feria-internacional-del-libro","status":"publish","type":"post","link":"https:\/\/diariodominicano.com\/?p=70130","title":{"rendered":"Presidente Fern\u00e1ndez inaugura XII Feria Internacional del Libro"},"content":{"rendered":"<p><body><\/p>\n<p><img decoding=\"async\" src=\"http:\/\/localhost:8080\/img3\/inaum.jpg\" \/>  <\/p>\n<p><span class=\"text1noticias\">El presidente de la Rep\u00fablica, doctor Leonel Fern\u00e1ndez, cort\u00f3 la cinta que inaugur\u00f3 esta noche del lunes la XII Feria Internacional del Libro Santo Domingo 2009, en la Sala Eduardo Brito del Teatro Nacional, en la Plaza de la Cultura, la cual est\u00e1 dedicada a los cien a\u00f1os del natalicio del profesor Juan Bosch, y como pa\u00eds invitado a Brasil.<\/span><\/p>\n<\/p>\n<p><span class=\"text1noticias\">Previo a la inauguraci\u00f3n del evento, el presidente Fern\u00e1ndez, en declaraciones a la prensa, adelant\u00f3 el \u00e9xito del evento, y resalt\u00f3 el trabajo realizado por la Secretar\u00eda de Estado de Cultura.<\/span><\/p>\n<\/p>\n<p><span class=\"text1noticias\">Mientas que el vicepresidente de la Rep\u00fablica, doctor Rafael Alburquerque, desveliz\u00f3 el retrato de don Juan Bosch, del artista Dustin Mu\u00f1oz, en el lobby del Teatro Nacional.<\/span><\/p>\n<\/p>\n<p><span class=\"text1noticias\">Los himnos de Rep\u00fablica Dominicana y de Brasil fueron interpretados a piano por los ni\u00f1os dominicanos Enmanuel Rodr\u00edguez Ram\u00edrez y Jennifer Carolina Dom\u00ednguez, de 12 y 10 a\u00f1os, respectivamente, salidos de las escuelas libres de la secretar\u00eda de Cultura.<\/span><\/p>\n<\/p>\n<p><span class=\"text1noticias\">Los jovencitos Jos\u00e9 Miguel D\u00edaz y Zoila Lisette Mart\u00ednez, estudiantes meritorios de las provincias Hato Mayor y Monte Plata, en la regi\u00f3n Este del pa\u00eds, acompa\u00f1aron al Presidente en el corte de la cinta, lo mismo que la Primera Dama, doctora Margarita Cede\u00f1o de Fern\u00e1ndez, y el secretario de Cultura, licenciado Jos\u00e9 Rafael Lantigua.<\/span><\/p>\n<\/p>\n<p><span class=\"text1noticias\">Fern\u00e1ndez tuvo a su cargo la entrega formal de varias estatuillas de reconocimiento a personalidades,  empresas e instituciones por sus largos a\u00f1os de labor ininterrumpida a favor del arte y la cultura del pa\u00eds.<\/span><\/p>\n<\/p>\n<p><span class=\"text1noticias\">Recibieron los reconocimientos el padre Juan Ram\u00f3n Santana, rector de la Universidad Cat\u00f3lica del Este, por los 50 a\u00f1os de su Concurso de Navidad, Pedro Bison\u00f3 hijo, por los 50 a\u00f1os de la Librer\u00eda Am\u00e9rica, Mateo Morrison y Miguel Jim\u00e9nez, por los 30 a\u00f1os del Taller Literario C\u00e9sar Vallejo, Roberto Cass\u00e1, por el programa de publicaciones del Archivo General de la Naci\u00f3n, y el cubano Roberto Fern\u00e1ndez Retamar, por los 50 a\u00f1os de fundaci\u00f3n de la Casa de las Am\u00e9ricas.<\/span><\/p>\n<\/p>\n<p><span class=\"text1noticias\">El mandatario recibi\u00f3 la entrega de los 23 nuevos libros editados y que ser\u00e1n puestos a circular en la Feria del Libro, por las editoriales de la Secretar\u00eda de Estado de Cultura, Editora Nacional, y Ediciones Ferilibro. Tambi\u00e9n se le hizo formal entrega del libro de Joaqu\u00edn Machado de Assis, principal figura literaria de Brasil, a cargo del Secretario de Identidad y Diversidad Cultural de Brasil, Am\u00e9rico Cordula.<\/span><\/p>\n<\/p>\n<p><span class=\"text1noticias\">En tanto que Lantigua pronunci\u00f3 el discurso principal del acto en el que destac\u00f3 los aportes de la  Ley 502-08, o Ley del Libro y Bibliotecas, que libera de impuestos a instituciones y empresas que promueven el libro, a fin de que la poblaci\u00f3n dominicana tenga acceso a las obras literarias a partir de precios razonables y coherentes con el ingreso real de los habitantes.<\/span><\/p>\n<\/p>\n<p><span class=\"text1noticias\">El funcionario tambi\u00e9n destac\u00f3 que ?la vida y obra de Juan Bosch, cuyo centenario de nacimiento conmemoraremos el pr\u00f3ximo junio, convoca a los dominicanos a la realizaci\u00f3n de un gran programa de acciones que permitir\u00e1 recordar la insigne trayectoria de este hijo de la ciudad de La Vega, cuyo renombre internacional alcanz\u00f3 todos los continentes y cuya obra literaria, en el cuento, la novela y el ensayo, fundamentalmente, alcanz\u00f3 un alto nivel de calidad y reconocimiento?.<\/span><\/p>\n<\/p>\n<p><span class=\"text1noticias\">La mesa de honor la encabezaron el presidente Fern\u00e1ndez, el vicepresidente Rafael Alburquerque, la Primera Dama, doctora Margarita  Cede\u00f1o de Fern\u00e1ndez, la se\u00f1ora Martha Montes de Oca, esposa del vicepresidente, el secretario de Cultura, Jos\u00e9 Rafael Lantigua, Am\u00e9rico Cordula, Secretario de Identidad y Diversidad Cultural de Brasil, Ronald Edgar Dunlop, Embajador de Brasil en Santo Domingo, Carolina Bosch, hija de Juan Bosch, y Alejandro Arvelo, director general de la Feria del Libro.<\/span><\/p>\n<\/p>\n<p><span class=\"text1noticias\">J.M Hidalgo y Sheila Acevedo estuvieron como conductores del programa del acto inaugural de la XII Feria Internacional del  Libro Santo Domingo 2009. <\/span><\/p>\n<h6> 2009-04-21 13:10:27 <\/h6>\n<p><!--\n<link rel=\"stylesheet\" href=\"css\/bootstrap.min.css\">\n\n\n<ul class=\"pagination\">\n\t    \n\t\n\n<li >\n\t<a href='?page_no=21807'>Previous<\/a>\n\t<\/li>\n\n\n       \n    \n\n<li><a href='?page_no=1'>1<\/a><\/li>\n\n\n\n<li><a href='?page_no=2'>2<\/a><\/li>\n\n\n\n<li><a>...<\/a><\/li>\n\n\n\n<li><a href='?page_no=21806'>21806<\/a><\/li>\n\n\n\n<li><a href='?page_no=21807'>21807<\/a><\/li>\n\n\n\n<li class='active'><a>21808<\/a><\/li>\n\n\n\n<li><a href='?page_no=21809'>21809<\/a><\/li>\n\n\n\n<li><a href='?page_no=21810'>21810<\/a><\/li>\n\n\n\n<li><a>...<\/a><\/li>\n\n\n\n<li><a href='?page_no=22911'>22911<\/a><\/li>\n\n\n\n<li><a href='?page_no=22912'>22912<\/a><\/li>\n\n    \n\t\n\n<li >\n\t<a href='?page_no=21809'>Next<\/a>\n\t<\/li>\n\n\n    \n\n<li><a href='?page_no=22912'>Last &rsaquo;&rsaquo;<\/a><\/li>\n\n<\/ul>\n\n\n--><br \/>\n<\/body><\/p>\n","protected":false},"excerpt":{"rendered":"<p>El presidente de la Rep\u00fablica, doctor Leonel Fern\u00e1ndez, cort\u00f3 la cinta que inaugur\u00f3 esta noche del lunes la XII Feria Internacional del Libro Santo Domingo 2009, en la Sala Eduardo Brito del Teatro Nacional, en la Plaza de la Cultura, la cual est\u00e1 dedicada a los cien a\u00f1os del natalicio del profesor Juan Bosch, y [&hellip;]<\/p>\n","protected":false},"author":3,"featured_media":0,"comment_status":"open","ping_status":"open","sticky":false,"template":"","format":"standard","meta":{"footnotes":""},"categories":[21],"tags":[],"class_list":["post-70130","post","type-post","status-publish","format-standard","hentry","category-cultura"],"_links":{"self":[{"href":"https:\/\/diariodominicano.com\/index.php?rest_route=\/wp\/v2\/posts\/70130","targetHints":{"allow":["GET"]}}],"collection":[{"href":"https:\/\/diariodominicano.com\/index.php?rest_route=\/wp\/v2\/posts"}],"about":[{"href":"https:\/\/diariodominicano.com\/index.php?rest_route=\/wp\/v2\/types\/post"}],"author":[{"embeddable":true,"href":"https:\/\/diariodominicano.com\/index.php?rest_route=\/wp\/v2\/users\/3"}],"replies":[{"embeddable":true,"href":"https:\/\/diariodominicano.com\/index.php?rest_route=%2Fwp%2Fv2%2Fcomments&post=70130"}],"version-history":[{"count":0,"href":"https:\/\/diariodominicano.com\/index.php?rest_route=\/wp\/v2\/posts\/70130\/revisions"}],"wp:attachment":[{"href":"https:\/\/diariodominicano.com\/index.php?rest_route=%2Fwp%2Fv2%2Fmedia&parent=70130"}],"wp:term":[{"taxonomy":"category","embeddable":true,"href":"https:\/\/diariodominicano.com\/index.php?rest_route=%2Fwp%2Fv2%2Fcategories&post=70130"},{"taxonomy":"post_tag","embeddable":true,"href":"https:\/\/diariodominicano.com\/index.php?rest_route=%2Fwp%2Fv2%2Ftags&post=70130"}],"curies":[{"name":"wp","href":"https:\/\/api.w.org\/{rel}","templated":true}]}}