{"id":70129,"date":"2009-04-21T15:04:37","date_gmt":"2009-04-21T15:04:37","guid":{"rendered":"http:\/\/diariodominicano.ddns.net\/?p=70129"},"modified":"2009-04-21T15:04:37","modified_gmt":"2009-04-21T15:04:37","slug":"taller-de-arte-y-frances-anuncia-viaje-a-francia-2009","status":"publish","type":"post","link":"https:\/\/diariodominicano.com\/?p=70129","title":{"rendered":"TALLER DE ARTE Y FRANCES ANUNCIA VIAJE A FRANCIA 2009"},"content":{"rendered":"<p><body><\/p>\n<p><img decoding=\"async\" src=\"http:\/\/localhost:8080\/img3\/artes.jpg\" \/>  <\/p>\n<p><span class=\"text1noticias\">La actividad cuenta con el patrocinio de Air France<\/span><\/p>\n<p><span class=\"text1noticias\"> <\/span><\/p>\n<p><span class=\"text1noticias\">(Santo Domingo, 17 de abril de 2009) En un concurrido evento celebrado en las instalaciones de la Cuchara de Madera se dieron a conocer los detalles del Viaje a Francia 2009, una actividad educativa que realiza, desde hace 14 a\u00f1os, el Taller de Arte y Franc\u00e9s.<\/span><\/p>\n<\/p>\n<p><span class=\"text1noticias\">La presentaci\u00f3n estuvo a cargo de Albina Aldave, Directora Acad\u00e9mica del Taller de Arte y Franc\u00e9s, quien explic\u00f3 detalladamente el proceso de inscripci\u00f3n para los interesados y las actividades que incluir\u00e1 este a\u00f1o el viaje a Francia.<\/span><\/p>\n<\/p>\n<p><span class=\"text1noticias\">El Viaje a Francia 2009 est\u00e1 dirigido a estudiantes que quieran perfeccionar sus conocimientos de la lengua francesa de una manera divertida. Los asistentes visitar\u00e1n Francia, espec\u00edficamente la ciudad de Pralognan, que cuenta con 800 habitantes y se especializa en actividades deportivas. All\u00ed los participantes recibir\u00e1n cuatro horas diarias de franc\u00e9s en las ma\u00f1anas y en las tardes podr\u00e1n practicar divertidos deportes como: Hiking, Patinaje sobre Hielo, Parcours des \u00c9cureuils, Camping, Fogatas, Rafting e Hidrospeed.<\/span><\/p>\n<\/p>\n<p><span class=\"text1noticias\">Tambi\u00e9n visitar\u00e1n zonas tur\u00edsticas como Chamonix, el Mont Blanc, una semana completa conociendo Par\u00eds, especialmente Les Champs \u00c9lys\u00e9es, Versailles, Le Louvre, Les Bateaux Mouches, Notre Dame y un d\u00eda completo en Eurodisney. <\/span><\/p>\n<\/p>\n<p><span class=\"text1noticias\">?Este viaje proporciona a los participantes una experiencia de tres semanas francamente inolvidables? asegur\u00f3 Albina Aldave. ?Es una magn\u00edfica oportunidad de descubrir la magia del idioma franc\u00e9s en su pa\u00eds de origen?.<\/span><\/p>\n<\/p>\n<p><span class=\"text1noticias\">El patrocinador oficial del evento es Air France y Travel Wise la agencia de viajes autorizada. Para m\u00e1s informaci\u00f3n puede llamar al 809-330-1797, 809-869-4761.<\/span><\/p>\n<h6> 2009-04-21 15:04:37 <\/h6>\n<p><!--\n<link rel=\"stylesheet\" href=\"css\/bootstrap.min.css\">\n\n\n<ul class=\"pagination\">\n\t    \n\t\n\n<li >\n\t<a href='?page_no=21806'>Previous<\/a>\n\t<\/li>\n\n\n       \n    \n\n<li><a href='?page_no=1'>1<\/a><\/li>\n\n\n\n<li><a href='?page_no=2'>2<\/a><\/li>\n\n\n\n<li><a>...<\/a><\/li>\n\n\n\n<li><a href='?page_no=21805'>21805<\/a><\/li>\n\n\n\n<li><a href='?page_no=21806'>21806<\/a><\/li>\n\n\n\n<li class='active'><a>21807<\/a><\/li>\n\n\n\n<li><a href='?page_no=21808'>21808<\/a><\/li>\n\n\n\n<li><a href='?page_no=21809'>21809<\/a><\/li>\n\n\n\n<li><a>...<\/a><\/li>\n\n\n\n<li><a href='?page_no=22911'>22911<\/a><\/li>\n\n\n\n<li><a href='?page_no=22912'>22912<\/a><\/li>\n\n    \n\t\n\n<li >\n\t<a href='?page_no=21808'>Next<\/a>\n\t<\/li>\n\n\n    \n\n<li><a href='?page_no=22912'>Last &rsaquo;&rsaquo;<\/a><\/li>\n\n<\/ul>\n\n\n--><br \/>\n<\/body><\/p>\n","protected":false},"excerpt":{"rendered":"<p>La actividad cuenta con el patrocinio de Air France (Santo Domingo, 17 de abril de 2009) En un concurrido evento celebrado en las instalaciones de la Cuchara de Madera se dieron a conocer los detalles del Viaje a Francia 2009, una actividad educativa que realiza, desde hace 14 a\u00f1os, el Taller de Arte y Franc\u00e9s. [&hellip;]<\/p>\n","protected":false},"author":3,"featured_media":0,"comment_status":"open","ping_status":"open","sticky":false,"template":"","format":"standard","meta":{"footnotes":""},"categories":[21],"tags":[],"class_list":["post-70129","post","type-post","status-publish","format-standard","hentry","category-cultura"],"_links":{"self":[{"href":"https:\/\/diariodominicano.com\/index.php?rest_route=\/wp\/v2\/posts\/70129","targetHints":{"allow":["GET"]}}],"collection":[{"href":"https:\/\/diariodominicano.com\/index.php?rest_route=\/wp\/v2\/posts"}],"about":[{"href":"https:\/\/diariodominicano.com\/index.php?rest_route=\/wp\/v2\/types\/post"}],"author":[{"embeddable":true,"href":"https:\/\/diariodominicano.com\/index.php?rest_route=\/wp\/v2\/users\/3"}],"replies":[{"embeddable":true,"href":"https:\/\/diariodominicano.com\/index.php?rest_route=%2Fwp%2Fv2%2Fcomments&post=70129"}],"version-history":[{"count":0,"href":"https:\/\/diariodominicano.com\/index.php?rest_route=\/wp\/v2\/posts\/70129\/revisions"}],"wp:attachment":[{"href":"https:\/\/diariodominicano.com\/index.php?rest_route=%2Fwp%2Fv2%2Fmedia&parent=70129"}],"wp:term":[{"taxonomy":"category","embeddable":true,"href":"https:\/\/diariodominicano.com\/index.php?rest_route=%2Fwp%2Fv2%2Fcategories&post=70129"},{"taxonomy":"post_tag","embeddable":true,"href":"https:\/\/diariodominicano.com\/index.php?rest_route=%2Fwp%2Fv2%2Ftags&post=70129"}],"curies":[{"name":"wp","href":"https:\/\/api.w.org\/{rel}","templated":true}]}}