{"id":70127,"date":"2009-04-21T23:33:51","date_gmt":"2009-04-21T23:33:51","guid":{"rendered":"http:\/\/diariodominicano.ddns.net\/?p=70127"},"modified":"2009-04-21T23:33:51","modified_gmt":"2009-04-21T23:33:51","slug":"la-union-europea-y-las-embajadas-y-otras-instituciones-de-los-paises-miembros-representados-en-el-pais-inauguran-la-plaza-de-europa-en-la-feria-del-libro","status":"publish","type":"post","link":"https:\/\/diariodominicano.com\/?p=70127","title":{"rendered":"La Uni\u00f3n Europea y las embajadas y otras instituciones de los pa\u00edses miembros representados en el pa\u00eds inauguran la Plaza de Europa en la Feria del Libro"},"content":{"rendered":"<p><body><\/p>\n<p><img decoding=\"async\" src=\"img3\/euro.jpg\" \/>  <\/p>\n<p><span class=\"text1noticias\">Representantes de la Delegaci\u00f3n de la Comisi\u00f3n Europea, las embajadas de Alemania, Espa\u00f1a, Francia, Italia, Reino Unido y Pa\u00edses Bajos, adem\u00e1s de instituciones afines como el Centro Cultural de Espa\u00f1a, la Alianza Francesa y la Casa d&#8217;Italia, inauguran el 23 de abril, a las 7 pm, la Plaza de Europa, espacio donde, durante las dos semanas de la Feria del Libro, se podr\u00e1  encontrar informaci\u00f3n sobre estos pa\u00edses y disfrutar de todo un programa de diferentes actividades. Adem\u00e1s, en torno a la Plaza, se exhibir\u00e1n fotograf\u00edas de las 27 capitales de la UE.<\/span><\/p>\n<\/p>\n<p><span class=\"text1noticias\">Como una iniciativa conjunta, que cumple este a\u00f1o su tercera edici\u00f3n, las representaciones diplom\u00e1ticas europeas, junto a la Delegaci\u00f3n de la CE, y otras instituciones afines, han creado para la Feria del Libro una Plaza de Europa. Los diferentes stands, con informaci\u00f3n sobre estos pa\u00edses, se sit\u00faan en torno a una tarima techada, simulando una plaza t\u00edpica europea, donde tendr\u00e1n lugar diferentes actividades durante la Feria del Libro de este a\u00f1o. Adem\u00e1s, en el per\u00edmetro de la Plaza, se exhibir\u00e1n fotograf\u00edas de las 27 capitales de la Uni\u00f3n Europea.<\/span><\/p>\n<\/p>\n<p><span class=\"text1noticias\">La inauguraci\u00f3n de la Plaza de Europa coincide con el D\u00eda Internacional del Libro, festividad que se celebra de una manera especial y pintoresca en Catalu\u00f1a, Espa\u00f1a, donde las amistades y conocidos intercambian rosas y libros. Las personas que asistan a la inauguraci\u00f3n podr\u00e1n celebrar el D\u00eda de Saint Jordi con los representantes diplom\u00e1ticos, en el que, adem\u00e1s de un cocktail, se repartir\u00e1n libros y flores.<\/span><\/p>\n<\/p>\n<p><span class=\"text1noticias\">Entre las actividades programadas en la Plaza de Europa, durante las dos semanas que dura la Feria del Libro, cabe destacar las sesiones art\u00edsticas y culturales con ni\u00f1os y ni\u00f1as, que podr\u00e1n disfrutan de teatro, hora de cuentos y sesiones de dibujo. Por otro lado, habr\u00e1 charlas diarias por las tardes y otras actividades para el p\u00fablico adulto.  <\/span><\/p>\n<h6> 2009-04-21 23:33:51 <\/h6>\n<p><!--\n<link rel=\"stylesheet\" href=\"css\/bootstrap.min.css\">\n\n\n<ul class=\"pagination\">\n\t    \n\t\n\n<li >\n\t<a href='?page_no=21804'>Previous<\/a>\n\t<\/li>\n\n\n       \n    \n\n<li><a href='?page_no=1'>1<\/a><\/li>\n\n\n\n<li><a href='?page_no=2'>2<\/a><\/li>\n\n\n\n<li><a>...<\/a><\/li>\n\n\n\n<li><a href='?page_no=21803'>21803<\/a><\/li>\n\n\n\n<li><a href='?page_no=21804'>21804<\/a><\/li>\n\n\n\n<li class='active'><a>21805<\/a><\/li>\n\n\n\n<li><a href='?page_no=21806'>21806<\/a><\/li>\n\n\n\n<li><a href='?page_no=21807'>21807<\/a><\/li>\n\n\n\n<li><a>...<\/a><\/li>\n\n\n\n<li><a href='?page_no=22911'>22911<\/a><\/li>\n\n\n\n<li><a href='?page_no=22912'>22912<\/a><\/li>\n\n    \n\t\n\n<li >\n\t<a href='?page_no=21806'>Next<\/a>\n\t<\/li>\n\n\n    \n\n<li><a href='?page_no=22912'>Last &rsaquo;&rsaquo;<\/a><\/li>\n\n<\/ul>\n\n\n--><br \/>\n<\/body><\/p>\n","protected":false},"excerpt":{"rendered":"<p>Representantes de la Delegaci\u00f3n de la Comisi\u00f3n Europea, las embajadas de Alemania, Espa\u00f1a, Francia, Italia, Reino Unido y Pa\u00edses Bajos, adem\u00e1s de instituciones afines como el Centro Cultural de Espa\u00f1a, la Alianza Francesa y la Casa d&#8217;Italia, inauguran el 23 de abril, a las 7 pm, la Plaza de Europa, espacio donde, durante las dos [&hellip;]<\/p>\n","protected":false},"author":3,"featured_media":0,"comment_status":"open","ping_status":"open","sticky":false,"template":"","format":"standard","meta":{"footnotes":""},"categories":[21],"tags":[],"class_list":["post-70127","post","type-post","status-publish","format-standard","hentry","category-cultura"],"_links":{"self":[{"href":"https:\/\/diariodominicano.com\/index.php?rest_route=\/wp\/v2\/posts\/70127","targetHints":{"allow":["GET"]}}],"collection":[{"href":"https:\/\/diariodominicano.com\/index.php?rest_route=\/wp\/v2\/posts"}],"about":[{"href":"https:\/\/diariodominicano.com\/index.php?rest_route=\/wp\/v2\/types\/post"}],"author":[{"embeddable":true,"href":"https:\/\/diariodominicano.com\/index.php?rest_route=\/wp\/v2\/users\/3"}],"replies":[{"embeddable":true,"href":"https:\/\/diariodominicano.com\/index.php?rest_route=%2Fwp%2Fv2%2Fcomments&post=70127"}],"version-history":[{"count":0,"href":"https:\/\/diariodominicano.com\/index.php?rest_route=\/wp\/v2\/posts\/70127\/revisions"}],"wp:attachment":[{"href":"https:\/\/diariodominicano.com\/index.php?rest_route=%2Fwp%2Fv2%2Fmedia&parent=70127"}],"wp:term":[{"taxonomy":"category","embeddable":true,"href":"https:\/\/diariodominicano.com\/index.php?rest_route=%2Fwp%2Fv2%2Fcategories&post=70127"},{"taxonomy":"post_tag","embeddable":true,"href":"https:\/\/diariodominicano.com\/index.php?rest_route=%2Fwp%2Fv2%2Ftags&post=70127"}],"curies":[{"name":"wp","href":"https:\/\/api.w.org\/{rel}","templated":true}]}}