{"id":70126,"date":"2009-04-21T23:35:13","date_gmt":"2009-04-21T23:35:13","guid":{"rendered":"http:\/\/diariodominicano.ddns.net\/?p=70126"},"modified":"2009-04-21T23:35:13","modified_gmt":"2009-04-21T23:35:13","slug":"danny-rivera-se-une-a-un-libro-por-la-patria","status":"publish","type":"post","link":"https:\/\/diariodominicano.com\/?p=70126","title":{"rendered":"Danny Rivera se une a ?Un libro por la Patria?"},"content":{"rendered":"<p><body><\/p>\n<p><span class=\"text1noticias\">El cantante Danny Rivera se sum\u00f3 al concierto ?Un libro por la Patria?, el novedoso evento que se llevar\u00e1 cabo el viernes 1 de mayo, a partir de las 6:00 de la tarde en el Estadio Ol\u00edmpico Juan Pablo Duarte de Santo Domingo.<\/span><\/p>\n<\/p>\n<p><span class=\"text1noticias\">Int\u00e9rprete de \u00e9xitos como ?Amada amante?, ?Tantos deseos de ella? y ?Apocalipsis?, Danny ser\u00e1 parte de la cartelera art\u00edstica que estar\u00e1 integrada por Los Hermanos Rosario, Johnny Ventura, Milly Quezada, Fernando Villalona, Sergio Vargas, Eddy Herrera, Jos\u00e9 Alberto ?El Canario?, Raul\u00edn Rodr\u00edguez, Ram\u00f3n Orlando, Kinito M\u00e9ndez, Fernando Echavarr\u00eda, bajo la direcci\u00f3n musical del maestro Jorge Taveras.<\/span><\/p>\n<\/p>\n<p><span class=\"text1noticias\">Rivera hizo un llamado al pueblo dominicano a apoyar esta iniciativa destinada a recolectar la mayor cantidad de libros de textos, de referencia, obras literarias, hist\u00f3ricas, diccionarios, enciclopedias y otros, con la finalidad de dotar de bibliotecas a centenares de liceos y escuelas en todo el pa\u00eds.<\/span><\/p>\n<\/p>\n<p><span class=\"text1noticias\">?Esperamos que apoyen este gran evento cultural y art\u00edstico porque se trata de un proyecto que dotar\u00e1 de bibliotecas todo el pa\u00eds, algo inusual en estos tiempos?, destac\u00f3 el popular cantante nacido en Puerto Rico y nacionalizado dominicano.<\/span><\/p>\n<\/p>\n<p><span class=\"text1noticias\">Para retirar las boletas el p\u00fablico debe llevar un libro a las boleter\u00edas que se han colocado en el Estadio Ol\u00edmpico, la Z-101, Telemicro, CODIA, todas las universidades y estaciones del Metro de Santo <\/span><\/p>\n<p><span class=\"text1noticias\">Domingo.<\/span><\/p>\n<\/p>\n<p><span class=\"text1noticias\">Este evento cultural-art\u00edstico sin precedentes es una iniciativa de la Fundaci\u00f3n Nacional de Desarrollo Integral (FUNDI), en coordinaci\u00f3n con la Secretar\u00eda de Estado de Educaci\u00f3n (SEE).<\/span><\/p>\n<h6> 2009-04-21 23:35:13 <\/h6>\n<p><!--\n<link rel=\"stylesheet\" href=\"css\/bootstrap.min.css\">\n\n\n<ul class=\"pagination\">\n\t    \n\t\n\n<li >\n\t<a href='?page_no=21803'>Previous<\/a>\n\t<\/li>\n\n\n       \n    \n\n<li><a href='?page_no=1'>1<\/a><\/li>\n\n\n\n<li><a href='?page_no=2'>2<\/a><\/li>\n\n\n\n<li><a>...<\/a><\/li>\n\n\n\n<li><a href='?page_no=21802'>21802<\/a><\/li>\n\n\n\n<li><a href='?page_no=21803'>21803<\/a><\/li>\n\n\n\n<li class='active'><a>21804<\/a><\/li>\n\n\n\n<li><a href='?page_no=21805'>21805<\/a><\/li>\n\n\n\n<li><a href='?page_no=21806'>21806<\/a><\/li>\n\n\n\n<li><a>...<\/a><\/li>\n\n\n\n<li><a href='?page_no=22911'>22911<\/a><\/li>\n\n\n\n<li><a href='?page_no=22912'>22912<\/a><\/li>\n\n    \n\t\n\n<li >\n\t<a href='?page_no=21805'>Next<\/a>\n\t<\/li>\n\n\n    \n\n<li><a href='?page_no=22912'>Last &rsaquo;&rsaquo;<\/a><\/li>\n\n<\/ul>\n\n\n--><br \/>\n<\/body><\/p>\n","protected":false},"excerpt":{"rendered":"<p>El cantante Danny Rivera se sum\u00f3 al concierto ?Un libro por la Patria?, el novedoso evento que se llevar\u00e1 cabo el viernes 1 de mayo, a partir de las 6:00 de la tarde en el Estadio Ol\u00edmpico Juan Pablo Duarte de Santo Domingo. Int\u00e9rprete de \u00e9xitos como ?Amada amante?, ?Tantos deseos de ella? y ?Apocalipsis?, [&hellip;]<\/p>\n","protected":false},"author":3,"featured_media":0,"comment_status":"open","ping_status":"open","sticky":false,"template":"","format":"standard","meta":{"footnotes":""},"categories":[21],"tags":[],"class_list":["post-70126","post","type-post","status-publish","format-standard","hentry","category-cultura"],"_links":{"self":[{"href":"https:\/\/diariodominicano.com\/index.php?rest_route=\/wp\/v2\/posts\/70126","targetHints":{"allow":["GET"]}}],"collection":[{"href":"https:\/\/diariodominicano.com\/index.php?rest_route=\/wp\/v2\/posts"}],"about":[{"href":"https:\/\/diariodominicano.com\/index.php?rest_route=\/wp\/v2\/types\/post"}],"author":[{"embeddable":true,"href":"https:\/\/diariodominicano.com\/index.php?rest_route=\/wp\/v2\/users\/3"}],"replies":[{"embeddable":true,"href":"https:\/\/diariodominicano.com\/index.php?rest_route=%2Fwp%2Fv2%2Fcomments&post=70126"}],"version-history":[{"count":0,"href":"https:\/\/diariodominicano.com\/index.php?rest_route=\/wp\/v2\/posts\/70126\/revisions"}],"wp:attachment":[{"href":"https:\/\/diariodominicano.com\/index.php?rest_route=%2Fwp%2Fv2%2Fmedia&parent=70126"}],"wp:term":[{"taxonomy":"category","embeddable":true,"href":"https:\/\/diariodominicano.com\/index.php?rest_route=%2Fwp%2Fv2%2Fcategories&post=70126"},{"taxonomy":"post_tag","embeddable":true,"href":"https:\/\/diariodominicano.com\/index.php?rest_route=%2Fwp%2Fv2%2Ftags&post=70126"}],"curies":[{"name":"wp","href":"https:\/\/api.w.org\/{rel}","templated":true}]}}