{"id":70125,"date":"2009-04-21T23:36:44","date_gmt":"2009-04-21T23:36:44","guid":{"rendered":"http:\/\/diariodominicano.ddns.net\/?p=70125"},"modified":"2009-04-21T23:36:44","modified_gmt":"2009-04-21T23:36:44","slug":"acroarte-dice-presente-en-la-xii-feria-internacional-del-libro","status":"publish","type":"post","link":"https:\/\/diariodominicano.com\/?p=70125","title":{"rendered":"Acroarte dice presente en la XII Feria Internacional del Libro"},"content":{"rendered":"<p><body><\/p>\n<p><span class=\"text1noticias\">La feria del libro se realizar\u00e1 del 20 de abril al 3 de mayo, en la plaza de la cultura<\/span><\/p>\n<\/p>\n<p><span class=\"text1noticias\">La Asociaci\u00f3n de Cronistas de Arte (Acroarte) participa por cuarta vez en la Feria Internacional del Libro, con un stand ubicado dentro del Museo del Hombre Dominicano.<\/span><\/p>\n<\/p>\n<p><span class=\"text1noticias\">Acroarte presentar\u00e1 en su stand en pantallas varias ediciones de los premios Casandra y una selecci\u00f3n de  los mejores musicales que se han presentado dentro del ceremonial de los premios, el espect\u00e1culo los Merengues del Casandra y el homenaje a F\u00e9lix del Rosario.<\/span><\/p>\n<\/p>\n<p><span class=\"text1noticias\">Dentro de la Feria del Libro, Acroarte pondr\u00e1 en circulaci\u00f3n los op\u00fasculos ?Cr\u00f3nica de arte o el arte de la inducci\u00f3n cultural?, de la autor\u00eda del licenciado Jos\u00e9 Rafael Lantigua y C\u00f3mo la m\u00fasica popular se convierte en cl\u00e1sica, de Catana P\u00e9rez de Cuello.<\/span><\/p>\n<\/p>\n<p><span class=\"text1noticias\">En el stand se estar\u00e1n realizando diferentes actividades y ser\u00e1 entregado el folleto ?Lo que debo saber sobre Acroarte y los Premios Casandra? para que el p\u00fablico en general tenga m\u00e1s conocimiento de la instituci\u00f3n.<\/span><\/p>\n<\/p>\n<p><span class=\"text1noticias\">Marivell Contreras, presidenta de Acroarte, hizo un llamado a los miembros, amigos, relacionados y p\u00fablico en general, para que visite  el stand, donde se realizar\u00e1n diferentes actividades con artistas y comunicadores en vivo.<\/span><\/p>\n<\/p>\n<p><span class=\"text1noticias\">Acroarte y los Premios Casandra,  recientemente celebraron sus 25 a\u00f1os, con diferentes actividades, recibiendo algunos reconocimientos, entre ellos el de la Secretar\u00eda de Estado de Cultura y el reconocimiento del Senado de la Rep\u00fablica.<\/span><\/p>\n<\/p>\n<p><span class=\"text1noticias\">Acroarte tendr\u00e1 a la venta la edici\u00f3n del libro ?El merengue: M\u00fasica y baile de Rep\u00fablica Dominicana?, donado a la instituci\u00f3n por Codetel, escrito por Catana P\u00e9rez de Cuello y Rafael Solano.<\/span><\/p>\n<\/p>\n<p><span class=\"text1noticias\">Tambi\u00e9n, ?Historia de la bachata?, de Carlos Batista Matos; ?Premios Casandra, historia de Acroarte? y ?Grandes Dominicanos? de Carlos T. Mart\u00ednez; ?Encuadre de una identidad audiovisual?, de F\u00e9lix Manuel Lora; ?Mujer ante el espejo?, de Marivell Contreras; ?Fichero art\u00edstico dominicano?, de Jes\u00fas Torres Tejeda, ?Anuario Discos?, de M\u00e1ximo Jim\u00e9nez, ?Como escribir Canciones? de Lorenzo R. Gonz\u00e1lez Venus, los libros de Juan Lu\u00eds Guerra y sobre la Bachata de Euri Cabral,  entre otros.<\/span><\/p>\n<\/p>\n<p><span class=\"text1noticias\">Contreras, inform\u00f3 que tambi\u00e9n estar\u00e1n a la venta la edici\u00f3n econ\u00f3mica del disco ?Los merengues del Casandra?, como una forma de que este compendio de canciones llegue al pueblo a precio especial.<\/span><\/p>\n<p><span class=\"text1noticias\">El stand de Acroarte, decorado por Fidel L\u00f3pez, cuenta con el apoyo de la Cervecer\u00eda Nacional Dominicana.<\/span><\/p>\n<h6> 2009-04-21 23:36:44 <\/h6>\n<p><!--\n<link rel=\"stylesheet\" href=\"css\/bootstrap.min.css\">\n\n\n<ul class=\"pagination\">\n\t    \n\t\n\n<li >\n\t<a href='?page_no=21802'>Previous<\/a>\n\t<\/li>\n\n\n       \n    \n\n<li><a href='?page_no=1'>1<\/a><\/li>\n\n\n\n<li><a href='?page_no=2'>2<\/a><\/li>\n\n\n\n<li><a>...<\/a><\/li>\n\n\n\n<li><a href='?page_no=21801'>21801<\/a><\/li>\n\n\n\n<li><a href='?page_no=21802'>21802<\/a><\/li>\n\n\n\n<li class='active'><a>21803<\/a><\/li>\n\n\n\n<li><a href='?page_no=21804'>21804<\/a><\/li>\n\n\n\n<li><a href='?page_no=21805'>21805<\/a><\/li>\n\n\n\n<li><a>...<\/a><\/li>\n\n\n\n<li><a href='?page_no=22911'>22911<\/a><\/li>\n\n\n\n<li><a href='?page_no=22912'>22912<\/a><\/li>\n\n    \n\t\n\n<li >\n\t<a href='?page_no=21804'>Next<\/a>\n\t<\/li>\n\n\n    \n\n<li><a href='?page_no=22912'>Last &rsaquo;&rsaquo;<\/a><\/li>\n\n<\/ul>\n\n\n--><br \/>\n<\/body><\/p>\n","protected":false},"excerpt":{"rendered":"<p>La feria del libro se realizar\u00e1 del 20 de abril al 3 de mayo, en la plaza de la cultura La Asociaci\u00f3n de Cronistas de Arte (Acroarte) participa por cuarta vez en la Feria Internacional del Libro, con un stand ubicado dentro del Museo del Hombre Dominicano. Acroarte presentar\u00e1 en su stand en pantallas varias [&hellip;]<\/p>\n","protected":false},"author":3,"featured_media":0,"comment_status":"open","ping_status":"open","sticky":false,"template":"","format":"standard","meta":{"footnotes":""},"categories":[21],"tags":[],"class_list":["post-70125","post","type-post","status-publish","format-standard","hentry","category-cultura"],"_links":{"self":[{"href":"https:\/\/diariodominicano.com\/index.php?rest_route=\/wp\/v2\/posts\/70125","targetHints":{"allow":["GET"]}}],"collection":[{"href":"https:\/\/diariodominicano.com\/index.php?rest_route=\/wp\/v2\/posts"}],"about":[{"href":"https:\/\/diariodominicano.com\/index.php?rest_route=\/wp\/v2\/types\/post"}],"author":[{"embeddable":true,"href":"https:\/\/diariodominicano.com\/index.php?rest_route=\/wp\/v2\/users\/3"}],"replies":[{"embeddable":true,"href":"https:\/\/diariodominicano.com\/index.php?rest_route=%2Fwp%2Fv2%2Fcomments&post=70125"}],"version-history":[{"count":0,"href":"https:\/\/diariodominicano.com\/index.php?rest_route=\/wp\/v2\/posts\/70125\/revisions"}],"wp:attachment":[{"href":"https:\/\/diariodominicano.com\/index.php?rest_route=%2Fwp%2Fv2%2Fmedia&parent=70125"}],"wp:term":[{"taxonomy":"category","embeddable":true,"href":"https:\/\/diariodominicano.com\/index.php?rest_route=%2Fwp%2Fv2%2Fcategories&post=70125"},{"taxonomy":"post_tag","embeddable":true,"href":"https:\/\/diariodominicano.com\/index.php?rest_route=%2Fwp%2Fv2%2Ftags&post=70125"}],"curies":[{"name":"wp","href":"https:\/\/api.w.org\/{rel}","templated":true}]}}