{"id":70124,"date":"2009-04-22T13:53:05","date_gmt":"2009-04-22T13:53:05","guid":{"rendered":"http:\/\/diariodominicano.ddns.net\/?p=70124"},"modified":"2009-04-22T13:53:05","modified_gmt":"2009-04-22T13:53:05","slug":"realizan-coloquio-sobre-la-cultura-en-brasil-y-republica-dominicana","status":"publish","type":"post","link":"https:\/\/diariodominicano.com\/?p=70124","title":{"rendered":"Realizan coloquio sobre ?La Cultura en Brasil y Rep\u00fablica Dominicana?"},"content":{"rendered":"<p><body><\/p>\n<p><img decoding=\"async\" src=\"http:\/\/localhost:8080\/img3\/basil.jpg\" \/>  <\/p>\n<p><span class=\"text1noticias\">En el marco de la XII Feria Internacional del Libro Santo Domingo 2009 fue celebrado  el conversatorio ?La cultura en Brasil y Rep\u00fablica Dominicana\u00a8, con los expositores Am\u00e9rico C\u00f3rdula, Secretario de Identidad y Diversidad Cultural de Brasil, y Mateo Morrison, Subsecretario de Desarrollo Institucional de la Secretar\u00eda de Estado de Cultura. <\/span><\/p>\n<p><span class=\"text1noticias\"> <\/span><\/p>\n<p><span class=\"text1noticias\">Durante el coloquio fueron expuestas las pol\u00edticas, que en materia de cultura, cada pa\u00eds ha implementado para el desarrollo y divulgaci\u00f3n de las costumbres y tradiciones de sus regiones. <\/span><\/p>\n<p><span class=\"text1noticias\"> <\/span><\/p>\n<p><span class=\"text1noticias\">Morrison expres\u00f3, mientras pronunciaba las palabras de bienvenida, que ?este encuentro  es muy importante, pues se trata de conocer las experiencias de un pa\u00eds cuyo aporte al desarrollo cultural latinoamericano y universal es un modelo. Desde la poes\u00eda, las artes pl\u00e1sticas y las manifestaciones folcl\u00f3ricas, Brasil ha jugado un papel esencial?.<\/span><\/p>\n<p><span class=\"text1noticias\"> <\/span><\/p>\n<p><span class=\"text1noticias\">En tanto que el representante brasile\u00f1o se\u00f1al\u00f3 que su pa\u00eds no limita el concepto de cultura a solo el desarrollo de las bellas artes, sino que trabaja para que la misma se constituya en un derecho para sus ciudadanos; al igual que el de salud, educaci\u00f3n y seguridad. <\/span><\/p>\n<p><span class=\"text1noticias\"> <\/span><\/p>\n<p><span class=\"text1noticias\">C\u00f3rdula sostuvo que  en lo econ\u00f3mico la cultura, los pa\u00edses pueden alcanzar un mayor crecimiento, pues con el fomento de sus diversas \u00e1reas puede haber una inserci\u00f3n en los mercados nacionales e internacionales, impactando la tasa de empleo, el ingreso y la calidad de vida de los ciudadanos?. <\/span><\/p>\n<p><span class=\"text1noticias\"> <\/span><\/p>\n<p><span class=\"text1noticias\">Los dos exponentes  coincidieron en que la coordinaci\u00f3n de actividades como la Feria del Libro incentiva a la lectura e incrementa el conocimiento en la mayor\u00eda de la poblaci\u00f3n.<\/span><\/p>\n<p><span class=\"text1noticias\"> <\/span><\/p>\n<p><span class=\"text1noticias\">La actividad se desarroll\u00f3 en la Sala de la Cultura del Teatro Nacional Eduardo Brito por ser Brasil pa\u00eds invitado de honor en esta edici\u00f3n de la Feria Internacional del Libro. <\/span><\/p>\n<h6> 2009-04-22 13:53:05 <\/h6>\n<p><!--\n<link rel=\"stylesheet\" href=\"css\/bootstrap.min.css\">\n\n\n<ul class=\"pagination\">\n\t    \n\t\n\n<li >\n\t<a href='?page_no=21801'>Previous<\/a>\n\t<\/li>\n\n\n       \n    \n\n<li><a href='?page_no=1'>1<\/a><\/li>\n\n\n\n<li><a href='?page_no=2'>2<\/a><\/li>\n\n\n\n<li><a>...<\/a><\/li>\n\n\n\n<li><a href='?page_no=21800'>21800<\/a><\/li>\n\n\n\n<li><a href='?page_no=21801'>21801<\/a><\/li>\n\n\n\n<li class='active'><a>21802<\/a><\/li>\n\n\n\n<li><a href='?page_no=21803'>21803<\/a><\/li>\n\n\n\n<li><a href='?page_no=21804'>21804<\/a><\/li>\n\n\n\n<li><a>...<\/a><\/li>\n\n\n\n<li><a href='?page_no=22911'>22911<\/a><\/li>\n\n\n\n<li><a href='?page_no=22912'>22912<\/a><\/li>\n\n    \n\t\n\n<li >\n\t<a href='?page_no=21803'>Next<\/a>\n\t<\/li>\n\n\n    \n\n<li><a href='?page_no=22912'>Last &rsaquo;&rsaquo;<\/a><\/li>\n\n<\/ul>\n\n\n--><br \/>\n<\/body><\/p>\n","protected":false},"excerpt":{"rendered":"<p>En el marco de la XII Feria Internacional del Libro Santo Domingo 2009 fue celebrado el conversatorio ?La cultura en Brasil y Rep\u00fablica Dominicana\u00a8, con los expositores Am\u00e9rico C\u00f3rdula, Secretario de Identidad y Diversidad Cultural de Brasil, y Mateo Morrison, Subsecretario de Desarrollo Institucional de la Secretar\u00eda de Estado de Cultura. Durante el coloquio fueron [&hellip;]<\/p>\n","protected":false},"author":3,"featured_media":0,"comment_status":"open","ping_status":"open","sticky":false,"template":"","format":"standard","meta":{"footnotes":""},"categories":[21],"tags":[],"class_list":["post-70124","post","type-post","status-publish","format-standard","hentry","category-cultura"],"_links":{"self":[{"href":"https:\/\/diariodominicano.com\/index.php?rest_route=\/wp\/v2\/posts\/70124","targetHints":{"allow":["GET"]}}],"collection":[{"href":"https:\/\/diariodominicano.com\/index.php?rest_route=\/wp\/v2\/posts"}],"about":[{"href":"https:\/\/diariodominicano.com\/index.php?rest_route=\/wp\/v2\/types\/post"}],"author":[{"embeddable":true,"href":"https:\/\/diariodominicano.com\/index.php?rest_route=\/wp\/v2\/users\/3"}],"replies":[{"embeddable":true,"href":"https:\/\/diariodominicano.com\/index.php?rest_route=%2Fwp%2Fv2%2Fcomments&post=70124"}],"version-history":[{"count":0,"href":"https:\/\/diariodominicano.com\/index.php?rest_route=\/wp\/v2\/posts\/70124\/revisions"}],"wp:attachment":[{"href":"https:\/\/diariodominicano.com\/index.php?rest_route=%2Fwp%2Fv2%2Fmedia&parent=70124"}],"wp:term":[{"taxonomy":"category","embeddable":true,"href":"https:\/\/diariodominicano.com\/index.php?rest_route=%2Fwp%2Fv2%2Fcategories&post=70124"},{"taxonomy":"post_tag","embeddable":true,"href":"https:\/\/diariodominicano.com\/index.php?rest_route=%2Fwp%2Fv2%2Ftags&post=70124"}],"curies":[{"name":"wp","href":"https:\/\/api.w.org\/{rel}","templated":true}]}}