{"id":70123,"date":"2009-04-22T15:53:32","date_gmt":"2009-04-22T15:53:32","guid":{"rendered":"http:\/\/diariodominicano.ddns.net\/?p=70123"},"modified":"2009-04-22T15:53:32","modified_gmt":"2009-04-22T15:53:32","slug":"brasil-presenta-amplio-programa-cultural-en-la-xii-feria-internacional-del-libro-santo-domingo-2009","status":"publish","type":"post","link":"https:\/\/diariodominicano.com\/?p=70123","title":{"rendered":"Brasil presenta amplio programa cultural en la XII Feria Internacional del Libro Santo Domingo 2009"},"content":{"rendered":"<p><body><\/p>\n<p><img decoding=\"async\" src=\"http:\/\/localhost:8080\/img3\/pave.jpg\" \/>  <\/p>\n<p><span class=\"text1noticias\">El Pabell\u00f3n de Brasil, Pa\u00eds Invitado de Honor de la XII Feria Internacional del Libro Santo Domingo 2009,  abri\u00f3 sus puertas este martes a los visitantes del recinto ferial, ocasi\u00f3n que aprovech\u00f3 para dar a conocer  el  programa cultural que desarrollar\u00e1 durante la fiesta de la cultura dominicana. <\/span><\/p>\n<\/p>\n<p><span class=\"text1noticias\">La inauguraci\u00f3n fue encabezada por el Subsecretario de Desarrollo Institucional, Mateo Morrison, quien estuvo acompa\u00f1ado por el Embajador del pa\u00eds de la Samba, en Rep\u00fablica Dominicana, Ronaldo Edgar Dunlop; el Director General de la Feria del Libro, Alejandro Arvelo y el Secretario del Ministerio de Cultura de Brasil, Am\u00e9rico C\u00f3rdula. <\/span><\/p>\n<\/p>\n<p><span class=\"text1noticias\">Mateo Morrison en representaci\u00f3n del Secretario de Estado de Cultura, Jos\u00e9 Rafael Lantigua, destac\u00f3 la satisfacci\u00f3n que es para Rep\u00fablica Dominicana  disfrutar de la creatividad del pueblo brasile\u00f1o en  la  en esta versi\u00f3n de la Feria del Libro.<\/span><\/p>\n<\/p>\n<p><span class=\"text1noticias\">En tanto Am\u00e9rico C\u00f3rdula, tras destacar el honor de su pa\u00eds por participar en la Feria, dijo que su gobierno se empe\u00f1\u00f3 en  la preparaci\u00f3n de un programa, que represente  la diversidad de la cultura de su pa\u00eds, presentando una breve, pero caracter\u00edstica muestra de su riqueza como cultura brasile\u00f1a. <\/span><\/p>\n<\/p>\n<p><span class=\"text1noticias\">En ese aspecto dijo que  su programa incluye clases de portugu\u00e9s, talleres creativos, conversatorios, coloquios, lecturas de cuentos y otras actividades, ?Elegimos 4 ejes tem\u00e1ticos centrales,  los carnavales, libro y literatura, pol\u00edticas p\u00fablicas  y cadenas productivas del libros?. <\/span><\/p>\n<\/p>\n<p><span class=\"text1noticias\">Expres\u00f3 que  la Feria  representa una oportunidad para presentar de forma espont\u00e1nea y fiel  su cultura en sus diversas expresiones: simb\u00f3lica, econ\u00f3mica y de derecho y ciudadan\u00eda. <\/span><\/p>\n<\/p>\n<p><span class=\"text1noticias\">Entre los expertos que estar\u00e1n compartiendo su talento con el pueblo dominicano en la Feria, est\u00e1n el artista pl\u00e1stico Alberto Pitta y el destacado cantante, Antonio N\u00f3brega. <\/span><\/p>\n<\/p>\n<p><span class=\"text1noticias\">Luego de la apertura formal del pabell\u00f3n   la comitiva se traslad\u00f3 al Museo del Hombre Dominicano para dejar abierta la exposici\u00f3n de la indumentaria de los 35 a\u00f1os de trayectoria del carnaval afrovallano del Salvador en Brasil.<\/span><\/p>\n<h6> 2009-04-22 15:53:32 <\/h6>\n<p><!--\n<link rel=\"stylesheet\" href=\"css\/bootstrap.min.css\">\n\n\n<ul class=\"pagination\">\n\t    \n\t\n\n<li >\n\t<a href='?page_no=21800'>Previous<\/a>\n\t<\/li>\n\n\n       \n    \n\n<li><a href='?page_no=1'>1<\/a><\/li>\n\n\n\n<li><a href='?page_no=2'>2<\/a><\/li>\n\n\n\n<li><a>...<\/a><\/li>\n\n\n\n<li><a href='?page_no=21799'>21799<\/a><\/li>\n\n\n\n<li><a href='?page_no=21800'>21800<\/a><\/li>\n\n\n\n<li class='active'><a>21801<\/a><\/li>\n\n\n\n<li><a href='?page_no=21802'>21802<\/a><\/li>\n\n\n\n<li><a href='?page_no=21803'>21803<\/a><\/li>\n\n\n\n<li><a>...<\/a><\/li>\n\n\n\n<li><a href='?page_no=22911'>22911<\/a><\/li>\n\n\n\n<li><a href='?page_no=22912'>22912<\/a><\/li>\n\n    \n\t\n\n<li >\n\t<a href='?page_no=21802'>Next<\/a>\n\t<\/li>\n\n\n    \n\n<li><a href='?page_no=22912'>Last &rsaquo;&rsaquo;<\/a><\/li>\n\n<\/ul>\n\n\n--><br \/>\n<\/body><\/p>\n","protected":false},"excerpt":{"rendered":"<p>El Pabell\u00f3n de Brasil, Pa\u00eds Invitado de Honor de la XII Feria Internacional del Libro Santo Domingo 2009, abri\u00f3 sus puertas este martes a los visitantes del recinto ferial, ocasi\u00f3n que aprovech\u00f3 para dar a conocer el programa cultural que desarrollar\u00e1 durante la fiesta de la cultura dominicana. La inauguraci\u00f3n fue encabezada por el Subsecretario [&hellip;]<\/p>\n","protected":false},"author":3,"featured_media":0,"comment_status":"open","ping_status":"open","sticky":false,"template":"","format":"standard","meta":{"footnotes":""},"categories":[21],"tags":[],"class_list":["post-70123","post","type-post","status-publish","format-standard","hentry","category-cultura"],"_links":{"self":[{"href":"https:\/\/diariodominicano.com\/index.php?rest_route=\/wp\/v2\/posts\/70123","targetHints":{"allow":["GET"]}}],"collection":[{"href":"https:\/\/diariodominicano.com\/index.php?rest_route=\/wp\/v2\/posts"}],"about":[{"href":"https:\/\/diariodominicano.com\/index.php?rest_route=\/wp\/v2\/types\/post"}],"author":[{"embeddable":true,"href":"https:\/\/diariodominicano.com\/index.php?rest_route=\/wp\/v2\/users\/3"}],"replies":[{"embeddable":true,"href":"https:\/\/diariodominicano.com\/index.php?rest_route=%2Fwp%2Fv2%2Fcomments&post=70123"}],"version-history":[{"count":0,"href":"https:\/\/diariodominicano.com\/index.php?rest_route=\/wp\/v2\/posts\/70123\/revisions"}],"wp:attachment":[{"href":"https:\/\/diariodominicano.com\/index.php?rest_route=%2Fwp%2Fv2%2Fmedia&parent=70123"}],"wp:term":[{"taxonomy":"category","embeddable":true,"href":"https:\/\/diariodominicano.com\/index.php?rest_route=%2Fwp%2Fv2%2Fcategories&post=70123"},{"taxonomy":"post_tag","embeddable":true,"href":"https:\/\/diariodominicano.com\/index.php?rest_route=%2Fwp%2Fv2%2Ftags&post=70123"}],"curies":[{"name":"wp","href":"https:\/\/api.w.org\/{rel}","templated":true}]}}