{"id":70122,"date":"2009-04-22T15:55:15","date_gmt":"2009-04-22T15:55:15","guid":{"rendered":"http:\/\/diariodominicano.ddns.net\/?p=70122"},"modified":"2009-04-22T15:55:15","modified_gmt":"2009-04-22T15:55:15","slug":"en-xii-feria-internacional-del-libro-dedican-el-primer-dia-a-carmen-quidiello-de-bosch","status":"publish","type":"post","link":"https:\/\/diariodominicano.com\/?p=70122","title":{"rendered":"En XII Feria Internacional del Libro dedican el primer d\u00eda a Carmen Quidiello de Bosch"},"content":{"rendered":"<p><body><\/p>\n<p><img decoding=\"async\" src=\"img3\/dona.jpg\" \/>  <\/p>\n<p><span class=\"text1noticias\">La Secretar\u00eda de Estado de Cultura y la Direcci\u00f3n General de la Feria del Libro designaron con el nombre de Carmen Quidiello de Bosch a una de las calles del recinto ferial, ubicadas en la Plaza de la Cultura Juan Pablo Duarte, acto que forma parte del programa de actividades de la XII Feria Internacional de Libro.<\/span><\/p>\n<\/p>\n<p><span class=\"text1noticias\">El evento cont\u00f3 con la asistencia del licenciado Jos\u00e9 Rafael Lantigua, Secretario de Estado de Cultura; Alejandro Arvelo, Director General de la Feria del Libro, y de Mateo Morrison y Alexander Santana, subsecretarios de Desarrollo Institucional y Administrativo de la SEC, respectivamente.  <\/span><\/p>\n<\/p>\n<p><span class=\"text1noticias\">En representaci\u00f3n de do\u00f1a Carmen y la Fundaci\u00f3n Juan Bosch estuvieron presentes: Di\u00f3medes N\u00fa\u00f1ez Polanco, director ejecutivo de la entidad; Mat\u00edas Bosch, nieto de Juan Bosch;  Mar\u00eda Eugenia Pereyra Bosch, sobrina de do\u00f1a Carmen Quidiello de Bosch, y el dramaturgo Iv\u00e1n Garc\u00eda Guerra, entre otros.<\/span><\/p>\n<\/p>\n<p><span class=\"text1noticias\">Este homenaje forma parte de la dedicatoria de Calles en honor a distinguidas personalidades del \u00e1mbito intelectual, hist\u00f3rico, po\u00e9tico y otras vertientes del mundo cultural nacional.<\/span><\/p>\n<\/p>\n<p><span class=\"text1noticias\">?No pudo ser m\u00e1s atinada la decisi\u00f3n de honrar en el primer d\u00eda de la feria a do\u00f1a Carmen, y hacerlo justamente al lado del Pabell\u00f3n  Juan Bosch, porque ellos fueron justamente eso: s\u00edmbolo de uni\u00f3n, solidaridad y s\u00edmbolo de continuidad el uno del otro. Tambi\u00e9n fue atinado hacer este reconocimiento a esta mujer excepcional frente al Teatro Nacional, pu\u00e9s es este uno de los costados activos de su producci\u00f3n literaria?, manifest\u00f3 Alejandro Arvelo al dirigirse a los presentes. <\/span><\/p>\n<\/p>\n<p><span class=\"text1noticias\">?Con este reconocimiento a do\u00f1a Carmen  tambi\u00e9n se rinde tributo a don Juan?, puntualiz\u00f3 el funcionario de la cartera cultural.<\/span><\/p>\n<\/p>\n<p><span class=\"text1noticias\">En nombre de Quidiello de Bosch y la Fundaci\u00f3n Juan Bosch, agradeci\u00f3 el reconocimiento el actor Iv\u00e1n Garc\u00eda Guerra, quien ley\u00f3 la tarja homenaje a la escritora y ex-primera dama.<\/span><\/p>\n<p><span class=\"text1noticias\"> <\/span><\/p>\n<p><span class=\"text1noticias\">El intelectual record\u00f3 una frase de Juan Bosch, quien una vez dijo que si \u00e9l hab\u00eda hecho algo bueno en su vida, fue haberse casado con do\u00f1a Carmen, quien no estuvo presente en el acto por cuestiones de salud y para evitarle tantas emociones.<\/span><\/p>\n<p><span class=\"text1noticias\">El  Colegio Ergos fue la entidad escolar invitada de honor. La alumna meritoria de esta instituci\u00f3n educativa, Laura Arias,  ley\u00f3 una rese\u00f1a biogr\u00e1fica de Carmen Quidiello de Bosch, mientras que la poeta Mar\u00eda Victoria Carre\u00f1o, asistente de la distinguida dama, ley\u00f3 ?Carmen la de Juan?, un poema de su autor\u00eda. Luego los invitados pasaron al Pabell\u00f3n de Autores para participar en una tertulia.<\/span><\/p>\n<h6> 2009-04-22 15:55:15 <\/h6>\n<p><!--\n<link rel=\"stylesheet\" href=\"css\/bootstrap.min.css\">\n\n\n<ul class=\"pagination\">\n\t    \n\t\n\n<li >\n\t<a href='?page_no=21799'>Previous<\/a>\n\t<\/li>\n\n\n       \n    \n\n<li><a href='?page_no=1'>1<\/a><\/li>\n\n\n\n<li><a href='?page_no=2'>2<\/a><\/li>\n\n\n\n<li><a>...<\/a><\/li>\n\n\n\n<li><a href='?page_no=21798'>21798<\/a><\/li>\n\n\n\n<li><a href='?page_no=21799'>21799<\/a><\/li>\n\n\n\n<li class='active'><a>21800<\/a><\/li>\n\n\n\n<li><a href='?page_no=21801'>21801<\/a><\/li>\n\n\n\n<li><a href='?page_no=21802'>21802<\/a><\/li>\n\n\n\n<li><a>...<\/a><\/li>\n\n\n\n<li><a href='?page_no=22911'>22911<\/a><\/li>\n\n\n\n<li><a href='?page_no=22912'>22912<\/a><\/li>\n\n    \n\t\n\n<li >\n\t<a href='?page_no=21801'>Next<\/a>\n\t<\/li>\n\n\n    \n\n<li><a href='?page_no=22912'>Last &rsaquo;&rsaquo;<\/a><\/li>\n\n<\/ul>\n\n\n--><br \/>\n<\/body><\/p>\n","protected":false},"excerpt":{"rendered":"<p>La Secretar\u00eda de Estado de Cultura y la Direcci\u00f3n General de la Feria del Libro designaron con el nombre de Carmen Quidiello de Bosch a una de las calles del recinto ferial, ubicadas en la Plaza de la Cultura Juan Pablo Duarte, acto que forma parte del programa de actividades de la XII Feria Internacional [&hellip;]<\/p>\n","protected":false},"author":3,"featured_media":0,"comment_status":"open","ping_status":"open","sticky":false,"template":"","format":"standard","meta":{"footnotes":""},"categories":[21],"tags":[],"class_list":["post-70122","post","type-post","status-publish","format-standard","hentry","category-cultura"],"_links":{"self":[{"href":"https:\/\/diariodominicano.com\/index.php?rest_route=\/wp\/v2\/posts\/70122","targetHints":{"allow":["GET"]}}],"collection":[{"href":"https:\/\/diariodominicano.com\/index.php?rest_route=\/wp\/v2\/posts"}],"about":[{"href":"https:\/\/diariodominicano.com\/index.php?rest_route=\/wp\/v2\/types\/post"}],"author":[{"embeddable":true,"href":"https:\/\/diariodominicano.com\/index.php?rest_route=\/wp\/v2\/users\/3"}],"replies":[{"embeddable":true,"href":"https:\/\/diariodominicano.com\/index.php?rest_route=%2Fwp%2Fv2%2Fcomments&post=70122"}],"version-history":[{"count":0,"href":"https:\/\/diariodominicano.com\/index.php?rest_route=\/wp\/v2\/posts\/70122\/revisions"}],"wp:attachment":[{"href":"https:\/\/diariodominicano.com\/index.php?rest_route=%2Fwp%2Fv2%2Fmedia&parent=70122"}],"wp:term":[{"taxonomy":"category","embeddable":true,"href":"https:\/\/diariodominicano.com\/index.php?rest_route=%2Fwp%2Fv2%2Fcategories&post=70122"},{"taxonomy":"post_tag","embeddable":true,"href":"https:\/\/diariodominicano.com\/index.php?rest_route=%2Fwp%2Fv2%2Ftags&post=70122"}],"curies":[{"name":"wp","href":"https:\/\/api.w.org\/{rel}","templated":true}]}}