{"id":70121,"date":"2009-04-22T17:58:50","date_gmt":"2009-04-22T17:58:50","guid":{"rendered":"http:\/\/diariodominicano.ddns.net\/?p=70121"},"modified":"2009-04-22T17:58:50","modified_gmt":"2009-04-22T17:58:50","slug":"presentaran-obras-como-el-general-don-gallo-y-otros-cuentos","status":"publish","type":"post","link":"https:\/\/diariodominicano.com\/?p=70121","title":{"rendered":"Presentar\u00e1n obras como el general don gallo y otros cuentos"},"content":{"rendered":"<p><body><\/p>\n<p><span class=\"text1noticias\">SANTIAGO.- La imaginaci\u00f3n, la fantas\u00eda y la creatividad, como elementos pedag\u00f3gicos, se pondr\u00e1n de manifiesto este viernes 24 de abril, a las 10 de la ma\u00f1ana, en el Gran Teatro del Cibao, con el montaje y presentaci\u00f3n de las obras infantiles ?El General Don Gallo  y otros Cuentos?, del profesor Juan Bosch.<\/span><\/p>\n<\/p>\n<p><span class=\"text1noticias\">La actividad, organizada por la Comisi\u00f3n Nacional Centenario Juan Bosch, la Regional de Educaci\u00f3n de Santiago, la Fundaci\u00f3n Educarte  y la Direcci\u00f3n del Gran Teatro del Cibao, es parte del conjunto de actos que se desarrollan en el pa\u00eds para conmemorar los cien a\u00f1os del natalicio del ilustre pol\u00edtico y literato.<\/span><\/p>\n<\/p>\n<p><span class=\"text1noticias\">Tom\u00e1s Castro Burdiez, Asesor de la Fundaci\u00f3n Juan Bosch y Presidente de la Fundaci\u00f3n Educarte, dijo que este proyecto es una funci\u00f3n especial en el marco de la exposici\u00f3n ?100 Momentos en la vida del extinto l\u00edder pol\u00edtico, que est\u00e1 en exhibici\u00f3n en la verja perimetral del Gran Teatro Cibao.<\/span><\/p>\n<\/p>\n<p><span class=\"text1noticias\">Castro Burdiez expres\u00f3 que con las obras se persigue acercar  a los ni\u00f1os y j\u00f3venes a la vida de Bosch y su  gran legado literario.<\/span><\/p>\n<\/p>\n<p><span class=\"text1noticias\">A la actividad asistir\u00e1n delegaciones de estudiantes de  las escuelas, liceos p\u00fablicos y colegios privados, los que podr\u00e1n observar de cerca la exposici\u00f3n sobre la vida de Bosch, mostrada en fotograf\u00edas.<\/span><\/p>\n<\/p>\n<p><span class=\"text1noticias\">El presidente de Educarte indic\u00f3 que la funci\u00f3n ?El General Don Gallo  y Otros Cuentos Infantiles?, incluir\u00e1 animaciones y los ni\u00f1os, adolescentes y j\u00f3venes podr\u00e1n disfrutar de ?Juan Bosch hasta en Mu\u00f1equitos?, una novedad en el pa\u00eds, material que se est\u00e1 difundiendo en la D\u00e9cimo Segunda Feria Internacional del Libro, a trav\u00e9s del juego ?El Camino Real que incluye un CD interactivo y el Libro ?Juan Bosch para Estudiantes?.<\/span><\/p>\n<\/p>\n<p><span class=\"text1noticias\">?Quienes estamos involucrados en la organizaci\u00f3n de las actividades conmemorativas al Centenario de Juan Bosch, hemos querido llegar a una legi\u00f3n tan sensible como los ni\u00f1os, ya que  el fenecido l\u00edder en vida, sinti\u00f3 gran preferencia por el sector infantil y los j\u00f3venes?, expres\u00f3.<\/span><\/p>\n<h6> 2009-04-22 17:58:50 <\/h6>\n<p><!--\n<link rel=\"stylesheet\" href=\"css\/bootstrap.min.css\">\n\n\n<ul class=\"pagination\">\n\t    \n\t\n\n<li >\n\t<a href='?page_no=21798'>Previous<\/a>\n\t<\/li>\n\n\n       \n    \n\n<li><a href='?page_no=1'>1<\/a><\/li>\n\n\n\n<li><a href='?page_no=2'>2<\/a><\/li>\n\n\n\n<li><a>...<\/a><\/li>\n\n\n\n<li><a href='?page_no=21797'>21797<\/a><\/li>\n\n\n\n<li><a href='?page_no=21798'>21798<\/a><\/li>\n\n\n\n<li class='active'><a>21799<\/a><\/li>\n\n\n\n<li><a href='?page_no=21800'>21800<\/a><\/li>\n\n\n\n<li><a href='?page_no=21801'>21801<\/a><\/li>\n\n\n\n<li><a>...<\/a><\/li>\n\n\n\n<li><a href='?page_no=22911'>22911<\/a><\/li>\n\n\n\n<li><a href='?page_no=22912'>22912<\/a><\/li>\n\n    \n\t\n\n<li >\n\t<a href='?page_no=21800'>Next<\/a>\n\t<\/li>\n\n\n    \n\n<li><a href='?page_no=22912'>Last &rsaquo;&rsaquo;<\/a><\/li>\n\n<\/ul>\n\n\n--><br \/>\n<\/body><\/p>\n","protected":false},"excerpt":{"rendered":"<p>SANTIAGO.- La imaginaci\u00f3n, la fantas\u00eda y la creatividad, como elementos pedag\u00f3gicos, se pondr\u00e1n de manifiesto este viernes 24 de abril, a las 10 de la ma\u00f1ana, en el Gran Teatro del Cibao, con el montaje y presentaci\u00f3n de las obras infantiles ?El General Don Gallo y otros Cuentos?, del profesor Juan Bosch. La actividad, organizada [&hellip;]<\/p>\n","protected":false},"author":3,"featured_media":0,"comment_status":"open","ping_status":"open","sticky":false,"template":"","format":"standard","meta":{"footnotes":""},"categories":[21],"tags":[],"class_list":["post-70121","post","type-post","status-publish","format-standard","hentry","category-cultura"],"_links":{"self":[{"href":"https:\/\/diariodominicano.com\/index.php?rest_route=\/wp\/v2\/posts\/70121","targetHints":{"allow":["GET"]}}],"collection":[{"href":"https:\/\/diariodominicano.com\/index.php?rest_route=\/wp\/v2\/posts"}],"about":[{"href":"https:\/\/diariodominicano.com\/index.php?rest_route=\/wp\/v2\/types\/post"}],"author":[{"embeddable":true,"href":"https:\/\/diariodominicano.com\/index.php?rest_route=\/wp\/v2\/users\/3"}],"replies":[{"embeddable":true,"href":"https:\/\/diariodominicano.com\/index.php?rest_route=%2Fwp%2Fv2%2Fcomments&post=70121"}],"version-history":[{"count":0,"href":"https:\/\/diariodominicano.com\/index.php?rest_route=\/wp\/v2\/posts\/70121\/revisions"}],"wp:attachment":[{"href":"https:\/\/diariodominicano.com\/index.php?rest_route=%2Fwp%2Fv2%2Fmedia&parent=70121"}],"wp:term":[{"taxonomy":"category","embeddable":true,"href":"https:\/\/diariodominicano.com\/index.php?rest_route=%2Fwp%2Fv2%2Fcategories&post=70121"},{"taxonomy":"post_tag","embeddable":true,"href":"https:\/\/diariodominicano.com\/index.php?rest_route=%2Fwp%2Fv2%2Ftags&post=70121"}],"curies":[{"name":"wp","href":"https:\/\/api.w.org\/{rel}","templated":true}]}}