{"id":70120,"date":"2009-04-22T22:38:27","date_gmt":"2009-04-22T22:38:27","guid":{"rendered":"http:\/\/diariodominicano.ddns.net\/?p=70120"},"modified":"2009-04-22T22:38:27","modified_gmt":"2009-04-22T22:38:27","slug":"michel-miguel-patriotico-en-pabellon-libro-cocina-xii-feria-internacional-del-libro","status":"publish","type":"post","link":"https:\/\/diariodominicano.com\/?p=70120","title":{"rendered":"Michel Miguel ?patri\u00f3tico? en Pabell\u00f3n Libro Cocina XII Feria Internacional del Libro"},"content":{"rendered":"<p><body><\/p>\n<p><img decoding=\"async\" src=\"img3\/michel.jpg\" \/>  <\/p>\n<p><span class=\"text1noticias\">El animador de televisi\u00f3n Michael Miguel Holgu\u00edn plante\u00f3 la necesidad de que el pueblo dominicano retome  la vida y obra de Juan Pablo Duarte como forma de enfrentar la pobreza y los  problemas sociales.<\/span><\/p>\n<p><span class=\"text1noticias\"> <\/span><\/p>\n<p><span class=\"text1noticias\">Michael Miguel recuerda que  desde hace 20 a\u00f1os esta reflexionado sobre la pobreza extrema en que viven  gran parte de los dominicanos.<\/span><\/p>\n<p><span class=\"text1noticias\"> <\/span><\/p>\n<p><span class=\"text1noticias\">El locutor que estudi\u00f3 ciencias pol\u00edticas se  declar\u00f3 duartiano, y cree que el padre de la patria, y su obra pueden generar un movimiento de cambios en procura de justicia social para las grandes mayor\u00edas nacionales.<\/span><\/p>\n<p><span class=\"text1noticias\"> <\/span><\/p>\n<p><span class=\"text1noticias\">Valor\u00f3 la importancia de obras como ?La Naci\u00f3n que Duarte Quiso?, del finado obispo Juan F\u00e9lix Pep\u00e9n. Considera  que en  esta obra hay todo un proyecto de naci\u00f3n para el beneficio de los habitantes de este pa\u00eds.<\/span><\/p>\n<p><span class=\"text1noticias\"> <\/span><\/p>\n<p><span class=\"text1noticias\">A su juicio los dominicanos deben conectarse con el pensamiento y la obra pol\u00edtica de Duarte, que sigue siendo un referente de progreso.<\/span><\/p>\n<p><span class=\"text1noticias\"> <\/span><\/p>\n<p><span class=\"text1noticias\">Para Michael Miguel las  ideas de  Duarte fueron retomadas por dominicanos como las hermanas Mirabal, Manolo Tav\u00e1rez y el finado ex presidente Juan Bosch a quien se dedica esta XII Feria Internacional del Libro Santo Domingo 2009.<\/span><\/p>\n<p><span class=\"text1noticias\"> <\/span><\/p>\n<p><span class=\"text1noticias\">Holgu\u00edn sostiene que el m\u00e1ximo sue\u00f1o de los dominicanos es la prosperidad, y que Duarte sigue siendo un referente para los dominicanos en este a\u00f1o 2009.<\/span><\/p>\n<p><span class=\"text1noticias\"> <\/span><\/p>\n<p><span class=\"text1noticias\">Ley\u00f3 un poema de Juan S\u00e1nchez Lamut titulado Sinfon\u00eda Vegetal a Juan Pablo Duarte, cuyas letras fueron aplaudidas por el p\u00fablico presente  en la actividad realizada en el Pabell\u00f3n Libro-Cocina de la Feria del Libro.<\/span><\/p>\n<h6> 2009-04-22 22:38:27 <\/h6>\n<p><!--\n<link rel=\"stylesheet\" href=\"css\/bootstrap.min.css\">\n\n\n<ul class=\"pagination\">\n\t    \n\t\n\n<li >\n\t<a href='?page_no=21797'>Previous<\/a>\n\t<\/li>\n\n\n       \n    \n\n<li><a href='?page_no=1'>1<\/a><\/li>\n\n\n\n<li><a href='?page_no=2'>2<\/a><\/li>\n\n\n\n<li><a>...<\/a><\/li>\n\n\n\n<li><a href='?page_no=21796'>21796<\/a><\/li>\n\n\n\n<li><a href='?page_no=21797'>21797<\/a><\/li>\n\n\n\n<li class='active'><a>21798<\/a><\/li>\n\n\n\n<li><a href='?page_no=21799'>21799<\/a><\/li>\n\n\n\n<li><a href='?page_no=21800'>21800<\/a><\/li>\n\n\n\n<li><a>...<\/a><\/li>\n\n\n\n<li><a href='?page_no=22911'>22911<\/a><\/li>\n\n\n\n<li><a href='?page_no=22912'>22912<\/a><\/li>\n\n    \n\t\n\n<li >\n\t<a href='?page_no=21799'>Next<\/a>\n\t<\/li>\n\n\n    \n\n<li><a href='?page_no=22912'>Last &rsaquo;&rsaquo;<\/a><\/li>\n\n<\/ul>\n\n\n--><br \/>\n<\/body><\/p>\n","protected":false},"excerpt":{"rendered":"<p>El animador de televisi\u00f3n Michael Miguel Holgu\u00edn plante\u00f3 la necesidad de que el pueblo dominicano retome la vida y obra de Juan Pablo Duarte como forma de enfrentar la pobreza y los problemas sociales. Michael Miguel recuerda que desde hace 20 a\u00f1os esta reflexionado sobre la pobreza extrema en que viven gran parte de los [&hellip;]<\/p>\n","protected":false},"author":3,"featured_media":0,"comment_status":"open","ping_status":"open","sticky":false,"template":"","format":"standard","meta":{"footnotes":""},"categories":[21],"tags":[],"class_list":["post-70120","post","type-post","status-publish","format-standard","hentry","category-cultura"],"_links":{"self":[{"href":"https:\/\/diariodominicano.com\/index.php?rest_route=\/wp\/v2\/posts\/70120","targetHints":{"allow":["GET"]}}],"collection":[{"href":"https:\/\/diariodominicano.com\/index.php?rest_route=\/wp\/v2\/posts"}],"about":[{"href":"https:\/\/diariodominicano.com\/index.php?rest_route=\/wp\/v2\/types\/post"}],"author":[{"embeddable":true,"href":"https:\/\/diariodominicano.com\/index.php?rest_route=\/wp\/v2\/users\/3"}],"replies":[{"embeddable":true,"href":"https:\/\/diariodominicano.com\/index.php?rest_route=%2Fwp%2Fv2%2Fcomments&post=70120"}],"version-history":[{"count":0,"href":"https:\/\/diariodominicano.com\/index.php?rest_route=\/wp\/v2\/posts\/70120\/revisions"}],"wp:attachment":[{"href":"https:\/\/diariodominicano.com\/index.php?rest_route=%2Fwp%2Fv2%2Fmedia&parent=70120"}],"wp:term":[{"taxonomy":"category","embeddable":true,"href":"https:\/\/diariodominicano.com\/index.php?rest_route=%2Fwp%2Fv2%2Fcategories&post=70120"},{"taxonomy":"post_tag","embeddable":true,"href":"https:\/\/diariodominicano.com\/index.php?rest_route=%2Fwp%2Fv2%2Ftags&post=70120"}],"curies":[{"name":"wp","href":"https:\/\/api.w.org\/{rel}","templated":true}]}}