{"id":70116,"date":"2009-04-23T17:50:24","date_gmt":"2009-04-23T17:50:24","guid":{"rendered":"http:\/\/diariodominicano.ddns.net\/?p=70116"},"modified":"2009-04-23T17:50:24","modified_gmt":"2009-04-23T17:50:24","slug":"area-infantil-con-amplia-y-entretenida-programacion-en-feria-del-libro","status":"publish","type":"post","link":"https:\/\/diariodominicano.com\/?p=70116","title":{"rendered":"\u00c1rea Infantil con amplia y entretenida programaci\u00f3n en Feria del Libro"},"content":{"rendered":"<p><body><\/p>\n<p><img decoding=\"async\" src=\"http:\/\/localhost:8080\/img3\/arti.jpg\" \/>  <\/p>\n<p><span class=\"text1noticias\">Los ni\u00f1os de diversos sectores de la ciudad de Santo Domingo y de los pueblos del interior del pa\u00eds tienen un lugar especial en la XII Feria Internacional del Libro, ya que para ellos las autoridades han creado ?El \u00c1rea Infantil?, un mundo maravilloso donde podr\u00e1n disfrutar y aprender sobre distintas \u00e1reas del saber.<\/span><\/p>\n<\/p>\n<p><span class=\"text1noticias\">Situada en el lateral izquierdo del Teatro Nacional y en la que figuras de los cuentos animados junto al personal dan la bienvenida a los peque\u00f1os.<\/span><\/p>\n<\/p>\n<p><span class=\"text1noticias\">A partir de las 9:00 de la ma\u00f1ana y hasta las 6:00 de la tarde todo es de entretenimiento en los Pabellones Mundo de la Lectura, Mundo de las Artes,  en el Mundo Audiovisual y Ciencia y en el Auditorio Escolar.<\/span><\/p>\n<\/p>\n<p><span class=\"text1noticias\">Estos pabellones cuentan con un staff capacitado y  de buena vigilancia, haciendo que los ni\u00f1os en un ambiente sano obtengan habilidades en la pintura,  en la lectura de cuentos, en la poes\u00eda,  en el aprendizaje de los colores primarios y en la creaci\u00f3n de figuras animadas.<\/span><\/p>\n<\/p>\n<p><span class=\"text1noticias\">En el \u00c1rea Infantil de la Feria tambi\u00e9n se ofrecen talleres de Origami, chichiguas creativas, m\u00e1scaras y fantas\u00eda, im\u00e1genes t\u00e1ctiles, la marioneta y la caja m\u00e1gica, a confeccionar mini agenda, libros tridimensionales, libros con t\u00edteres y letras animadas con poes\u00edas.<\/span><\/p>\n<\/p>\n<p><span class=\"text1noticias\">Pero a la vez  se les orienta a terminar cuentos con dibujos animadas colocando figuras faltantes, aprender\u00e1n a agilizar la mente con las muy divertidas adivinanzas y a la confecci\u00f3n de pictogramas con refranes, estos son solo algunas de las actividades de las cuales podr\u00e1n ser p\u00e1rticipe sus ni\u00f1os si visitan la XII versi\u00f3n de la Feria del Libro Santo Domingo 2009, organizada por la Secretar\u00eda de Estado de Cultura y la Direcci\u00f3n General del Libro y la Lectura.<\/span><\/p>\n<\/p>\n<p><span class=\"text1noticias\">En los primeros d\u00edas de apertura del evento la afluencia al \u00c1rea Infantil ha sido muy exitosa, ya que diversas escuelas y colegios, coordinados previamente para una mejor participaci\u00f3n y organizaci\u00f3n, asisten con miras a que sus alumnos aprendan a valorar la importancia de la Feria y a verla como un evento que proporciona encuentros y libros para el bienestar cultural de todos los seres humanos, muy especialmente, a los ni\u00f1os, adolescentes y j\u00f3venes.<\/span><\/p>\n<\/p>\n<p><span class=\"text1noticias\">En este espacio tambi\u00e9n se coordinan eventos con instituciones como la Uni\u00f3n Europea, el Pabell\u00f3n del Comic y el peri\u00f3dico Diario Libre, entre otras.<\/span><\/p>\n<\/p>\n<p><span class=\"text1noticias\">A las cinco de la tarde cierran los diferentes mundos infantiles, menos el Auditorio que concluye todos los d\u00edas a las seis  una presentaci\u00f3n art\u00edstica escolar.<\/span><\/p>\n<\/p>\n<p><span class=\"text1noticias\">Cada uno de los pabellones del \u00c1rea Infantil brinda la oportunidad  a miles de ni\u00f1os de integrarse a actividades que contribuir\u00e1n con su desarrollo, a interactuar con otros peque\u00f1os y a conocer sobre la Figura de Juan Bosch y de Brasil, a quienes est\u00e1 dedicada la Feria Internacional del Libro Santo Domingo 2009.<\/span><\/p>\n<h6> 2009-04-23 17:50:24 <\/h6>\n<p><!--\n<link rel=\"stylesheet\" href=\"css\/bootstrap.min.css\">\n\n\n<ul class=\"pagination\">\n\t    \n\t\n\n<li >\n\t<a href='?page_no=21793'>Previous<\/a>\n\t<\/li>\n\n\n       \n    \n\n<li><a href='?page_no=1'>1<\/a><\/li>\n\n\n\n<li><a href='?page_no=2'>2<\/a><\/li>\n\n\n\n<li><a>...<\/a><\/li>\n\n\n\n<li><a href='?page_no=21792'>21792<\/a><\/li>\n\n\n\n<li><a href='?page_no=21793'>21793<\/a><\/li>\n\n\n\n<li class='active'><a>21794<\/a><\/li>\n\n\n\n<li><a href='?page_no=21795'>21795<\/a><\/li>\n\n\n\n<li><a href='?page_no=21796'>21796<\/a><\/li>\n\n\n\n<li><a>...<\/a><\/li>\n\n\n\n<li><a href='?page_no=22911'>22911<\/a><\/li>\n\n\n\n<li><a href='?page_no=22912'>22912<\/a><\/li>\n\n    \n\t\n\n<li >\n\t<a href='?page_no=21795'>Next<\/a>\n\t<\/li>\n\n\n    \n\n<li><a href='?page_no=22912'>Last &rsaquo;&rsaquo;<\/a><\/li>\n\n<\/ul>\n\n\n--><br \/>\n<\/body><\/p>\n","protected":false},"excerpt":{"rendered":"<p>Los ni\u00f1os de diversos sectores de la ciudad de Santo Domingo y de los pueblos del interior del pa\u00eds tienen un lugar especial en la XII Feria Internacional del Libro, ya que para ellos las autoridades han creado ?El \u00c1rea Infantil?, un mundo maravilloso donde podr\u00e1n disfrutar y aprender sobre distintas \u00e1reas del saber. Situada [&hellip;]<\/p>\n","protected":false},"author":3,"featured_media":0,"comment_status":"open","ping_status":"open","sticky":false,"template":"","format":"standard","meta":{"footnotes":""},"categories":[21],"tags":[],"class_list":["post-70116","post","type-post","status-publish","format-standard","hentry","category-cultura"],"_links":{"self":[{"href":"https:\/\/diariodominicano.com\/index.php?rest_route=\/wp\/v2\/posts\/70116","targetHints":{"allow":["GET"]}}],"collection":[{"href":"https:\/\/diariodominicano.com\/index.php?rest_route=\/wp\/v2\/posts"}],"about":[{"href":"https:\/\/diariodominicano.com\/index.php?rest_route=\/wp\/v2\/types\/post"}],"author":[{"embeddable":true,"href":"https:\/\/diariodominicano.com\/index.php?rest_route=\/wp\/v2\/users\/3"}],"replies":[{"embeddable":true,"href":"https:\/\/diariodominicano.com\/index.php?rest_route=%2Fwp%2Fv2%2Fcomments&post=70116"}],"version-history":[{"count":0,"href":"https:\/\/diariodominicano.com\/index.php?rest_route=\/wp\/v2\/posts\/70116\/revisions"}],"wp:attachment":[{"href":"https:\/\/diariodominicano.com\/index.php?rest_route=%2Fwp%2Fv2%2Fmedia&parent=70116"}],"wp:term":[{"taxonomy":"category","embeddable":true,"href":"https:\/\/diariodominicano.com\/index.php?rest_route=%2Fwp%2Fv2%2Fcategories&post=70116"},{"taxonomy":"post_tag","embeddable":true,"href":"https:\/\/diariodominicano.com\/index.php?rest_route=%2Fwp%2Fv2%2Ftags&post=70116"}],"curies":[{"name":"wp","href":"https:\/\/api.w.org\/{rel}","templated":true}]}}