{"id":70115,"date":"2009-04-23T20:56:05","date_gmt":"2009-04-23T20:56:05","guid":{"rendered":"http:\/\/diariodominicano.ddns.net\/?p=70115"},"modified":"2009-04-23T20:56:05","modified_gmt":"2009-04-23T20:56:05","slug":"luis-martin-gomez-ya-tiene-su-calle-en-la-plaza-de-la-cultura-juan-pablo-duarte","status":"publish","type":"post","link":"https:\/\/diariodominicano.com\/?p=70115","title":{"rendered":"Luis Mart\u00edn G\u00f3mez ya tiene su calle en la Plaza de la Cultura Juan Pablo Duarte"},"content":{"rendered":"<p><body><\/p>\n<p><img decoding=\"async\" src=\"img3\/luis.jpg\" \/>  <\/p>\n<p><span class=\"text1noticias\">El destacado periodista, escritor y locutor de noticias, Luis Mart\u00edn G\u00f3mez, ya tiene designada una calle en el per\u00edmetro de la Plaza de la Cultura Juan Pablo Duarte, asignada en ocasi\u00f3n de la celebraci\u00f3n de la XII Feria Internacional del Libro Santo Domingo 2009.<\/span><\/p>\n<\/p>\n<p><span class=\"text1noticias\">El homenajeado ha publicado los libros de cuentos Dialecto, Vellonera de Sue\u00f1os, La destrucci\u00f3n de la Muralla China, Mam\u00e1, A Aquella Caracola le est\u00e1 naciendo un mar y Memoria de la sangre. Por su labor literaria recibi\u00f3 el Primer Premio Nacional de Literatura Infantil y el primer lugar en el Concurso de Cuentos Virgilio D\u00edaz Ordo\u00f1ez.<\/span><\/p>\n<\/p>\n<p><span class=\"text1noticias\">En el acto estuvieron presentes el  secretario de Estado de Cultura, Jos\u00e9 Rafael Lantigua; el director General de la Feria del Libro, Alejandro Arvelo; el gobernador del Banco Central, H\u00e9ctor Valdez Albizu; Pedro Silverio, gerente general de la entidad bancaria;  Mateo Morrison, subsecretario de Desarrollo Institucional de Cultura; Jacqueline de G\u00f3mez, esposa de Luis Mart\u00edn G\u00f3mez, Victoria Perera, madre del homenajeado y Laura y Luis Jorge, hijos del escritor, entre otras personalidades.<\/span><\/p>\n<\/p>\n<p><span class=\"text1noticias\">?La obra de Luis Mart\u00edn G\u00f3mez conecta con una tendencia bastante socorrida en la Literatura Occidental desde los viajes de Ulises a trav\u00e9s del mediterr\u00e1neo en la Il\u00edada, desde la descripci\u00f3n de la aventura de Eneas en la Eneida  hasta el Quijote y Cien A\u00f1os de Soledad. El viaje ha tenido en el Occidente una larga andadura, lo mismo que el nombre de Luis?, se\u00f1al\u00f3 Alejandro Arvelo en su discurso.<\/span><\/p>\n<\/p>\n<p><span class=\"text1noticias\">Se refiri\u00f3 a la trayectoria intelectual del escritor quien ha sido merecedor de importantes distinciones.<\/span><\/p>\n<\/p>\n<p><span class=\"text1noticias\">Al dar las palabras de gratitud Luis Mart\u00edn G\u00f3mez manifest\u00f3 que ese momento es muy especial para \u00e9l y su familia, ya que le asignen una calle estando vivo es algo bastante extra\u00f1o porque seg\u00fan las normas municipales sucede diez a\u00f1os despu\u00e9s que la persona ha fallecido.<\/span><\/p>\n<\/p>\n<p><span class=\"text1noticias\">?Agradezco profundamente al secretario de Cultura y al director de la Feria del Libro por regalarme la experiencia que yo dir\u00eda es subreal, por tener una calle mientras estoy vivito y coleando?, resalt\u00f3 el locutor y periodista.<\/span><\/p>\n<\/p>\n<p><span class=\"text1noticias\">El homenajeado dijo aceptar ese reconocimiento como una deuda a futuro que se compromete a pagar con obras al menos respetables, poniendo como fiador a Jos\u00e9 Alc\u00e1ntara Alm\u00e1nzar, por ser su gu\u00eda intelectual y ser en gran parte el responsable de hoy recibir un reconocimiento de esa magnitud.<\/span><\/p>\n<\/p>\n<p><span class=\"text1noticias\">G\u00f3mez se\u00f1al\u00f3 que dos cosas en particular lo colman de gran felicidad, primero el haber recibido este reconocimiento en esta feria dedicada al Profesor Juan Bosch, su gu\u00eda moral y la segunda que su calle haga esquina con la de Alc\u00e1ntara Alm\u00e1nzar, su g\u00faia literario. El acto de designaci\u00f3n de la calle tuvo como invitado de honor al Liceo Juan Pablo Duarte.<\/span><\/p>\n<h6> 2009-04-23 20:56:05 <\/h6>\n<p><!--\n<link rel=\"stylesheet\" href=\"css\/bootstrap.min.css\">\n\n\n<ul class=\"pagination\">\n\t    \n\t\n\n<li >\n\t<a href='?page_no=21792'>Previous<\/a>\n\t<\/li>\n\n\n       \n    \n\n<li><a href='?page_no=1'>1<\/a><\/li>\n\n\n\n<li><a href='?page_no=2'>2<\/a><\/li>\n\n\n\n<li><a>...<\/a><\/li>\n\n\n\n<li><a href='?page_no=21791'>21791<\/a><\/li>\n\n\n\n<li><a href='?page_no=21792'>21792<\/a><\/li>\n\n\n\n<li class='active'><a>21793<\/a><\/li>\n\n\n\n<li><a href='?page_no=21794'>21794<\/a><\/li>\n\n\n\n<li><a href='?page_no=21795'>21795<\/a><\/li>\n\n\n\n<li><a>...<\/a><\/li>\n\n\n\n<li><a href='?page_no=22911'>22911<\/a><\/li>\n\n\n\n<li><a href='?page_no=22912'>22912<\/a><\/li>\n\n    \n\t\n\n<li >\n\t<a href='?page_no=21794'>Next<\/a>\n\t<\/li>\n\n\n    \n\n<li><a href='?page_no=22912'>Last &rsaquo;&rsaquo;<\/a><\/li>\n\n<\/ul>\n\n\n--><br \/>\n<\/body><\/p>\n","protected":false},"excerpt":{"rendered":"<p>El destacado periodista, escritor y locutor de noticias, Luis Mart\u00edn G\u00f3mez, ya tiene designada una calle en el per\u00edmetro de la Plaza de la Cultura Juan Pablo Duarte, asignada en ocasi\u00f3n de la celebraci\u00f3n de la XII Feria Internacional del Libro Santo Domingo 2009. El homenajeado ha publicado los libros de cuentos Dialecto, Vellonera de [&hellip;]<\/p>\n","protected":false},"author":3,"featured_media":0,"comment_status":"open","ping_status":"open","sticky":false,"template":"","format":"standard","meta":{"footnotes":""},"categories":[21],"tags":[],"class_list":["post-70115","post","type-post","status-publish","format-standard","hentry","category-cultura"],"_links":{"self":[{"href":"https:\/\/diariodominicano.com\/index.php?rest_route=\/wp\/v2\/posts\/70115","targetHints":{"allow":["GET"]}}],"collection":[{"href":"https:\/\/diariodominicano.com\/index.php?rest_route=\/wp\/v2\/posts"}],"about":[{"href":"https:\/\/diariodominicano.com\/index.php?rest_route=\/wp\/v2\/types\/post"}],"author":[{"embeddable":true,"href":"https:\/\/diariodominicano.com\/index.php?rest_route=\/wp\/v2\/users\/3"}],"replies":[{"embeddable":true,"href":"https:\/\/diariodominicano.com\/index.php?rest_route=%2Fwp%2Fv2%2Fcomments&post=70115"}],"version-history":[{"count":0,"href":"https:\/\/diariodominicano.com\/index.php?rest_route=\/wp\/v2\/posts\/70115\/revisions"}],"wp:attachment":[{"href":"https:\/\/diariodominicano.com\/index.php?rest_route=%2Fwp%2Fv2%2Fmedia&parent=70115"}],"wp:term":[{"taxonomy":"category","embeddable":true,"href":"https:\/\/diariodominicano.com\/index.php?rest_route=%2Fwp%2Fv2%2Fcategories&post=70115"},{"taxonomy":"post_tag","embeddable":true,"href":"https:\/\/diariodominicano.com\/index.php?rest_route=%2Fwp%2Fv2%2Ftags&post=70115"}],"curies":[{"name":"wp","href":"https:\/\/api.w.org\/{rel}","templated":true}]}}