{"id":70114,"date":"2009-04-23T23:13:08","date_gmt":"2009-04-23T23:13:08","guid":{"rendered":"http:\/\/diariodominicano.ddns.net\/?p=70114"},"modified":"2009-04-23T23:13:08","modified_gmt":"2009-04-23T23:13:08","slug":"el-artistico-impresiona-con-sus-figuras-metalicas-en-feria-del-libro-2009","status":"publish","type":"post","link":"https:\/\/diariodominicano.com\/?p=70114","title":{"rendered":"El Art\u00edstico impresiona con sus figuras met\u00e1licas en Feria del Libro 2009"},"content":{"rendered":"<p><body><\/p>\n<p><img decoding=\"async\" src=\"img3\/chi.jpg\" \/>  <\/p>\n<p><span class=\"text1noticias\">Jos\u00e9 Ignacio Morales, mayormente conocido como El Art\u00edstico, tiene tambi\u00e9n presencia en la XII Feria Internacional del Libro Santo Domingo 2009, donde grandiosas figuras hechas en metal adornan lugares estrat\u00e9gicos en la Plaza de la Cultura Juan Pablo Duarte.<\/span><\/p>\n<\/p>\n<p><span class=\"text1noticias\">Los visitantes al evento cultural que inici\u00f3 el 20 de este mes y concluir\u00e1 el 3 de mayo se sienten asombrados al ver cada uno de los trabajos creados por Morales, principalmente, una inmensa motora con grandes ruedas y motor. Todo el que se le acerca quiere montarla, tomarse fotograf\u00edas e indagar sobre los detalles que componen este atractivo.<\/span><\/p>\n<\/p>\n<p><span class=\"text1noticias\">14 esculturas componen la exhibici\u00f3n titutalada ?El Art\u00edstico dando apoyo a la Feria del Libro?, hechas en hierro reciclado, que despu\u00e9s de ser usado es tomado por los creativos del taller del Art\u00edstico para hacer verdaderas joyas de arte.<\/span><\/p>\n<\/p>\n<p><span class=\"text1noticias\">Jos\u00e9 Ignacio Morales, propietario del taller escuela, explic\u00f3 que con la muestra de las esculturas busca concienciar a los j\u00f3venes y a todos los ciudadanos de que el arte no tiene l\u00edmites, que es fuente de trabajo y sobre todo, que con el reciclaje se pueden hacer obras con mucho valor y atractivo pero tambi\u00e9n, se deja al manifiesto la imaginaci\u00f3n.<\/span><\/p>\n<\/p>\n<p><span class=\"text1noticias\">Figuras como el gallo, la gallina, el toro, los ind\u00edgenas y los peloteros forman parte de la exhibici\u00f3n, en la que se destaca fuertemente la historia cultural de la Rep\u00fablica Dominicana desde la \u00e9poca ind\u00edgena hasta tiempos actuales.<\/span><\/p>\n<\/p>\n<p><span class=\"text1noticias\">La cultura ta\u00edna y la importancia de los peloteros criollos a nivel internacional son tomadas en cuenta por Jos\u00e9 Ignacio Morales en estas creaciones.<\/span><\/p>\n<\/p>\n<p><span class=\"text1noticias\">Las enormes esculturas del Art\u00edstico son exhibidas en proyectos tur\u00edsticos, adornandos jardines y en otros espacios.<\/span><\/p>\n<\/p>\n<p><span class=\"text1noticias\">Su taller escuela est\u00e1 ubicado en La Romana, y fue fundado hace 30 a\u00f1os, y desde hace 28 ofrece clases formativas a j\u00f3venes y adultos para crear estas hermosas esculturas que despiertan tanto inter\u00e9s en quien las mira.<\/span><\/p>\n<h6> 2009-04-23 23:13:08 <\/h6>\n<p><!--\n<link rel=\"stylesheet\" href=\"css\/bootstrap.min.css\">\n\n\n<ul class=\"pagination\">\n\t    \n\t\n\n<li >\n\t<a href='?page_no=21791'>Previous<\/a>\n\t<\/li>\n\n\n       \n    \n\n<li><a href='?page_no=1'>1<\/a><\/li>\n\n\n\n<li><a href='?page_no=2'>2<\/a><\/li>\n\n\n\n<li><a>...<\/a><\/li>\n\n\n\n<li><a href='?page_no=21790'>21790<\/a><\/li>\n\n\n\n<li><a href='?page_no=21791'>21791<\/a><\/li>\n\n\n\n<li class='active'><a>21792<\/a><\/li>\n\n\n\n<li><a href='?page_no=21793'>21793<\/a><\/li>\n\n\n\n<li><a href='?page_no=21794'>21794<\/a><\/li>\n\n\n\n<li><a>...<\/a><\/li>\n\n\n\n<li><a href='?page_no=22911'>22911<\/a><\/li>\n\n\n\n<li><a href='?page_no=22912'>22912<\/a><\/li>\n\n    \n\t\n\n<li >\n\t<a href='?page_no=21793'>Next<\/a>\n\t<\/li>\n\n\n    \n\n<li><a href='?page_no=22912'>Last &rsaquo;&rsaquo;<\/a><\/li>\n\n<\/ul>\n\n\n--><br \/>\n<\/body><\/p>\n","protected":false},"excerpt":{"rendered":"<p>Jos\u00e9 Ignacio Morales, mayormente conocido como El Art\u00edstico, tiene tambi\u00e9n presencia en la XII Feria Internacional del Libro Santo Domingo 2009, donde grandiosas figuras hechas en metal adornan lugares estrat\u00e9gicos en la Plaza de la Cultura Juan Pablo Duarte. Los visitantes al evento cultural que inici\u00f3 el 20 de este mes y concluir\u00e1 el 3 [&hellip;]<\/p>\n","protected":false},"author":3,"featured_media":0,"comment_status":"open","ping_status":"open","sticky":false,"template":"","format":"standard","meta":{"footnotes":""},"categories":[21],"tags":[],"class_list":["post-70114","post","type-post","status-publish","format-standard","hentry","category-cultura"],"_links":{"self":[{"href":"https:\/\/diariodominicano.com\/index.php?rest_route=\/wp\/v2\/posts\/70114","targetHints":{"allow":["GET"]}}],"collection":[{"href":"https:\/\/diariodominicano.com\/index.php?rest_route=\/wp\/v2\/posts"}],"about":[{"href":"https:\/\/diariodominicano.com\/index.php?rest_route=\/wp\/v2\/types\/post"}],"author":[{"embeddable":true,"href":"https:\/\/diariodominicano.com\/index.php?rest_route=\/wp\/v2\/users\/3"}],"replies":[{"embeddable":true,"href":"https:\/\/diariodominicano.com\/index.php?rest_route=%2Fwp%2Fv2%2Fcomments&post=70114"}],"version-history":[{"count":0,"href":"https:\/\/diariodominicano.com\/index.php?rest_route=\/wp\/v2\/posts\/70114\/revisions"}],"wp:attachment":[{"href":"https:\/\/diariodominicano.com\/index.php?rest_route=%2Fwp%2Fv2%2Fmedia&parent=70114"}],"wp:term":[{"taxonomy":"category","embeddable":true,"href":"https:\/\/diariodominicano.com\/index.php?rest_route=%2Fwp%2Fv2%2Fcategories&post=70114"},{"taxonomy":"post_tag","embeddable":true,"href":"https:\/\/diariodominicano.com\/index.php?rest_route=%2Fwp%2Fv2%2Ftags&post=70114"}],"curies":[{"name":"wp","href":"https:\/\/api.w.org\/{rel}","templated":true}]}}