{"id":70112,"date":"2009-04-24T15:23:51","date_gmt":"2009-04-24T15:23:51","guid":{"rendered":"http:\/\/diariodominicano.ddns.net\/?p=70112"},"modified":"2009-04-24T15:23:51","modified_gmt":"2009-04-24T15:23:51","slug":"periodistas-brasilenos-compartieron-con-ejecutivos-de-intabaco","status":"publish","type":"post","link":"https:\/\/diariodominicano.com\/?p=70112","title":{"rendered":"Periodistas brasile\u00f1os compartieron con ejecutivos de INTABACO"},"content":{"rendered":"<p><body><\/p>\n<p><img decoding=\"async\" src=\"http:\/\/localhost:8080\/img3\/pero.jpg\" \/>  <\/p>\n<p><span class=\"text1noticias\">Santo Domingo.- Una delegaci\u00f3n de periodistas brasile\u00f1os visit\u00f3 Santo Domingo para conocer la Capital de la Rep\u00fablica Dominicana.<\/span><\/p>\n<\/p>\n<p><span class=\"text1noticias\">Acompa\u00f1ados por la asistente de Promoci\u00f3n de la Rep\u00fablica Dominicana en Brasil, Nodalia Arias, los comunicadores visitaron varios lugares de Santo Domingo, dentro de su visita se interesaron por conocer sobre la industria de tabaco dominicana y para satisfacer sus curiosidades fueron recibidos por el Director Ejecutivo del Instituto del Tabaco de la Rep\u00fablica Dominicana (INTABACO), ingeniero Adalberto Rosa.<\/span><\/p>\n<\/p>\n<p><span class=\"text1noticias\">Los periodistas se interesaron por conocer todo los pormenores de la elaboraci\u00f3n, comercializaci\u00f3n y promoci\u00f3n del tabaco dominicano a nivel nacional e internacional, su aporte a la econom\u00eda y el crecimiento de la industria. Sus preguntas fueron respondidas por el ingeniero Rosa, quien de manera clara y precisa les explic\u00f3 brevemente todo lo que envuelve el mundo del tabaco dominicano.<\/span><\/p>\n<\/p>\n<p><span class=\"text1noticias\">Los comunicadores brasile\u00f1os que participaron en el almuerzo fueron: Ricardo Camargo de O Estado de Sao Paolo; Aretha Yarak del Portal Terra; Katya Lisa de la Revista Tips; Thiago Guimaraes de Jonal de Turismo; Heloisa Cestaro de Diario Grande ABC y Mar\u00eda Jos\u00e9 Masgraw de Mercado y Eventos. <\/span><\/p>\n<\/p>\n<p><span class=\"text1noticias\">El encuentro consisti\u00f3 en un almuerzo realizado en un restaurante del Malec\u00f3n donde los visitantes disfrutaron de una comida t\u00edpica dominicana y de bebidas criollas. Asimismo pudieron degustar de puros dominicanos obsequiados por INTABACO.<\/span><\/p>\n<\/p>\n<p><span class=\"text1noticias\">Los comunicadores disfrutaron de la velada y a la vez elogiaron la belleza del Malec\u00f3n y lo acogedor del lugar adem\u00e1s de compartir con otros colegas periodistas dominicanos. Agradecieron las atenciones y en su recorrido contin\u00fao por la Ciudad Colonial, La Feria del Libro y otros lugares de inter\u00e9s de la Capital.<\/span><\/p>\n<h6> 2009-04-24 15:23:51 <\/h6>\n<p><!--\n<link rel=\"stylesheet\" href=\"css\/bootstrap.min.css\">\n\n\n<ul class=\"pagination\">\n\t    \n\t\n\n<li >\n\t<a href='?page_no=21789'>Previous<\/a>\n\t<\/li>\n\n\n       \n    \n\n<li><a href='?page_no=1'>1<\/a><\/li>\n\n\n\n<li><a href='?page_no=2'>2<\/a><\/li>\n\n\n\n<li><a>...<\/a><\/li>\n\n\n\n<li><a href='?page_no=21788'>21788<\/a><\/li>\n\n\n\n<li><a href='?page_no=21789'>21789<\/a><\/li>\n\n\n\n<li class='active'><a>21790<\/a><\/li>\n\n\n\n<li><a href='?page_no=21791'>21791<\/a><\/li>\n\n\n\n<li><a href='?page_no=21792'>21792<\/a><\/li>\n\n\n\n<li><a>...<\/a><\/li>\n\n\n\n<li><a href='?page_no=22911'>22911<\/a><\/li>\n\n\n\n<li><a href='?page_no=22912'>22912<\/a><\/li>\n\n    \n\t\n\n<li >\n\t<a href='?page_no=21791'>Next<\/a>\n\t<\/li>\n\n\n    \n\n<li><a href='?page_no=22912'>Last &rsaquo;&rsaquo;<\/a><\/li>\n\n<\/ul>\n\n\n--><br \/>\n<\/body><\/p>\n","protected":false},"excerpt":{"rendered":"<p>Santo Domingo.- Una delegaci\u00f3n de periodistas brasile\u00f1os visit\u00f3 Santo Domingo para conocer la Capital de la Rep\u00fablica Dominicana. Acompa\u00f1ados por la asistente de Promoci\u00f3n de la Rep\u00fablica Dominicana en Brasil, Nodalia Arias, los comunicadores visitaron varios lugares de Santo Domingo, dentro de su visita se interesaron por conocer sobre la industria de tabaco dominicana y [&hellip;]<\/p>\n","protected":false},"author":3,"featured_media":0,"comment_status":"open","ping_status":"open","sticky":false,"template":"","format":"standard","meta":{"footnotes":""},"categories":[21],"tags":[],"class_list":["post-70112","post","type-post","status-publish","format-standard","hentry","category-cultura"],"_links":{"self":[{"href":"https:\/\/diariodominicano.com\/index.php?rest_route=\/wp\/v2\/posts\/70112","targetHints":{"allow":["GET"]}}],"collection":[{"href":"https:\/\/diariodominicano.com\/index.php?rest_route=\/wp\/v2\/posts"}],"about":[{"href":"https:\/\/diariodominicano.com\/index.php?rest_route=\/wp\/v2\/types\/post"}],"author":[{"embeddable":true,"href":"https:\/\/diariodominicano.com\/index.php?rest_route=\/wp\/v2\/users\/3"}],"replies":[{"embeddable":true,"href":"https:\/\/diariodominicano.com\/index.php?rest_route=%2Fwp%2Fv2%2Fcomments&post=70112"}],"version-history":[{"count":0,"href":"https:\/\/diariodominicano.com\/index.php?rest_route=\/wp\/v2\/posts\/70112\/revisions"}],"wp:attachment":[{"href":"https:\/\/diariodominicano.com\/index.php?rest_route=%2Fwp%2Fv2%2Fmedia&parent=70112"}],"wp:term":[{"taxonomy":"category","embeddable":true,"href":"https:\/\/diariodominicano.com\/index.php?rest_route=%2Fwp%2Fv2%2Fcategories&post=70112"},{"taxonomy":"post_tag","embeddable":true,"href":"https:\/\/diariodominicano.com\/index.php?rest_route=%2Fwp%2Fv2%2Ftags&post=70112"}],"curies":[{"name":"wp","href":"https:\/\/api.w.org\/{rel}","templated":true}]}}