{"id":70111,"date":"2009-04-24T18:56:19","date_gmt":"2009-04-24T18:56:19","guid":{"rendered":"http:\/\/diariodominicano.ddns.net\/?p=70111"},"modified":"2009-04-24T18:56:19","modified_gmt":"2009-04-24T18:56:19","slug":"secretaria-de-estado-de-cultura-recibio-alcaldesa-de-cadiz-espana","status":"publish","type":"post","link":"https:\/\/diariodominicano.com\/?p=70111","title":{"rendered":"Secretar\u00eda  de  Estado  de  Cultura  recibi\u00f3  alcaldesa  de  Cadiz,  Espa\u00f1a"},"content":{"rendered":"<p><body><\/p>\n<p><img decoding=\"async\" src=\"img3\/colte.jpg\" \/>  <\/p>\n<p><span class=\"text1noticias\">La  subsecretaria  de  Creatividad  y  Participaci\u00f3n  Popular  de  la  SEC, licenciada  Bernarda  Jorge, recibi\u00f3  a  la  alcaldesa  del  Ayuntamiento  de  Cadiz,  Espa\u00f1a, Te\u00f3fila  Mart\u00ednez, en  su  visita  al  pa\u00eds, el  pasado  martes  21  de  abril  2009,  en  el  local  de  la  sede  central  de  la  instituci\u00f3n.  <\/span><\/p>\n<\/p>\n<p><span class=\"text1noticias\">La  subsecretaria  manifest\u00f3  que con  esta  visita,  la  alcaldesa  de  C\u00e1diz, ofrece  una  gran  oportunidad  de  intercambio  de  culturas,  para  que  nuestros  pensadores  y  artistas  a  su  vez,  puedan  proyectarse   en  esa  ciudad  espa\u00f1ola.<\/span><\/p>\n<\/p>\n<p><span class=\"text1noticias\">Tambi\u00e9n, acogi\u00f3  con  benepl\u00e1cito  la  propuesta  del  convenio  cultural  entre  la  ciudad  de  C\u00e1diz  y  la  Secretar\u00eda  de  Estado  de  Cultura.<\/span><\/p>\n<\/p>\n<p><span class=\"text1noticias\">Te\u00f3fila  Mart\u00ednez,  alcaldesa  de  C\u00e1diz,  cit\u00f3  la  necesidad  de  que  la  presente  gesti\u00f3n  del  presidente  Leonel  Fern\u00e1ndez, conozca  la  labor  que  viene  realizando  el  ayuntamiento  de  C\u00e1diz,  a  su  cargo,  para  que a  trav\u00e9s de la  SEC, se  puedan  establecer  convenios  de  cooperaci\u00f3n  e  intercambio  cultural.   <\/span><\/p>\n<\/p>\n<p><span class=\"text1noticias\">Se\u00f1al\u00f3,  que es  su  inter\u00e9s  el  que  durante  todo  el  2012,  C\u00e1diz  sea  un  espacio  esc\u00e9nico  donde  coincidan  y  se  desarrollen  actividades  culturales  de  todos  los  pa\u00edses  iberoamericanos, que  propicien  el  intercambio  cultural,  para  que  C\u00e1diz  pase  a  ser  la  plataforma  donde  cualquier  europeo  pueda  disfrutar  y  conocer  diferentes culturas. <\/span><\/p>\n<\/p>\n<p><span class=\"text1noticias\">Agreg\u00f3, que esa  ciudad  del  sur  de  Espa\u00f1a,  cuentan  con  una  programaci\u00f3n  de  festivales  de  mucho  prestigio  en los  renglones  de teatro, t\u00edteres, m\u00fasica, danza,  entre  otros,  y  dej\u00f3  abierta  la  invitaci\u00f3n  para  que la  Rep\u00fablica  Dominicana  pueda  participar  con  una  muestra  representativa  de  nuestros  artistas  de  teatro, para finales  de  septiembre  y  principios  de  octubre,  en  la  programaci\u00f3n  de  su  pr\u00f3ximo  festival. <\/span><\/p>\n<\/p>\n<p><span class=\"text1noticias\">En  este  recibimiento, Bernarda  Jorge, entreg\u00f3  a  la  alcaldesa  de C\u00e1diz  documentos  que  hacen  referencia  de  actividades   culturales   que  se  celebran  en  la  Rep\u00fablica  Dominicana,  y  de  igual  forma recibi\u00f3  de  manos  de  Te\u00f3fila  Mart\u00ednez,  los  proyectos  culturales  que  realiza el  ayuntamiento  de  esa  ciudad  espa\u00f1ola.<\/span><\/p>\n<h6> 2009-04-24 18:56:19 <\/h6>\n<p><!--\n<link rel=\"stylesheet\" href=\"css\/bootstrap.min.css\">\n\n\n<ul class=\"pagination\">\n\t    \n\t\n\n<li >\n\t<a href='?page_no=21788'>Previous<\/a>\n\t<\/li>\n\n\n       \n    \n\n<li><a href='?page_no=1'>1<\/a><\/li>\n\n\n\n<li><a href='?page_no=2'>2<\/a><\/li>\n\n\n\n<li><a>...<\/a><\/li>\n\n\n\n<li><a href='?page_no=21787'>21787<\/a><\/li>\n\n\n\n<li><a href='?page_no=21788'>21788<\/a><\/li>\n\n\n\n<li class='active'><a>21789<\/a><\/li>\n\n\n\n<li><a href='?page_no=21790'>21790<\/a><\/li>\n\n\n\n<li><a href='?page_no=21791'>21791<\/a><\/li>\n\n\n\n<li><a>...<\/a><\/li>\n\n\n\n<li><a href='?page_no=22911'>22911<\/a><\/li>\n\n\n\n<li><a href='?page_no=22912'>22912<\/a><\/li>\n\n    \n\t\n\n<li >\n\t<a href='?page_no=21790'>Next<\/a>\n\t<\/li>\n\n\n    \n\n<li><a href='?page_no=22912'>Last &rsaquo;&rsaquo;<\/a><\/li>\n\n<\/ul>\n\n\n--><br \/>\n<\/body><\/p>\n","protected":false},"excerpt":{"rendered":"<p>La subsecretaria de Creatividad y Participaci\u00f3n Popular de la SEC, licenciada Bernarda Jorge, recibi\u00f3 a la alcaldesa del Ayuntamiento de Cadiz, Espa\u00f1a, Te\u00f3fila Mart\u00ednez, en su visita al pa\u00eds, el pasado martes 21 de abril 2009, en el local de la sede central de la instituci\u00f3n. La subsecretaria manifest\u00f3 que con esta visita, la alcaldesa [&hellip;]<\/p>\n","protected":false},"author":3,"featured_media":0,"comment_status":"open","ping_status":"open","sticky":false,"template":"","format":"standard","meta":{"footnotes":""},"categories":[21],"tags":[],"class_list":["post-70111","post","type-post","status-publish","format-standard","hentry","category-cultura"],"_links":{"self":[{"href":"https:\/\/diariodominicano.com\/index.php?rest_route=\/wp\/v2\/posts\/70111","targetHints":{"allow":["GET"]}}],"collection":[{"href":"https:\/\/diariodominicano.com\/index.php?rest_route=\/wp\/v2\/posts"}],"about":[{"href":"https:\/\/diariodominicano.com\/index.php?rest_route=\/wp\/v2\/types\/post"}],"author":[{"embeddable":true,"href":"https:\/\/diariodominicano.com\/index.php?rest_route=\/wp\/v2\/users\/3"}],"replies":[{"embeddable":true,"href":"https:\/\/diariodominicano.com\/index.php?rest_route=%2Fwp%2Fv2%2Fcomments&post=70111"}],"version-history":[{"count":0,"href":"https:\/\/diariodominicano.com\/index.php?rest_route=\/wp\/v2\/posts\/70111\/revisions"}],"wp:attachment":[{"href":"https:\/\/diariodominicano.com\/index.php?rest_route=%2Fwp%2Fv2%2Fmedia&parent=70111"}],"wp:term":[{"taxonomy":"category","embeddable":true,"href":"https:\/\/diariodominicano.com\/index.php?rest_route=%2Fwp%2Fv2%2Fcategories&post=70111"},{"taxonomy":"post_tag","embeddable":true,"href":"https:\/\/diariodominicano.com\/index.php?rest_route=%2Fwp%2Fv2%2Ftags&post=70111"}],"curies":[{"name":"wp","href":"https:\/\/api.w.org\/{rel}","templated":true}]}}