{"id":70109,"date":"2009-04-24T21:16:16","date_gmt":"2009-04-24T21:16:16","guid":{"rendered":"http:\/\/diariodominicano.ddns.net\/?p=70109"},"modified":"2009-04-24T21:16:16","modified_gmt":"2009-04-24T21:16:16","slug":"uasd-deposita-ofrenda-floral-por-el-44-aniversario-de-la-revolucion-de-abril","status":"publish","type":"post","link":"https:\/\/diariodominicano.com\/?p=70109","title":{"rendered":"UASD deposita ofrenda floral por el 44 aniversario de la Revoluci\u00f3n de Abril"},"content":{"rendered":"<p><body><\/p>\n<p><img decoding=\"async\" src=\"http:\/\/localhost:8080\/img3\/ofen.jpg\" \/>  <\/p>\n<p><span class=\"text1noticias\">La Universidad Aut\u00f3noma de Santo Domingo record\u00f3 este viernes el 44 aniversario de la Revoluci\u00f3n de Abril de 1965, con una ofrenda floral durante un acto realizado en la puerta Sur de esa academia.<\/span><\/p>\n<\/p>\n<p><span class=\"text1noticias\">La actividad estuvo encabezada por el vicerrector de Extensi\u00f3n de la UASD, maestro Rafael Nino F\u00e9liz, quien calific\u00f3 el hecho hist\u00f3rico como el m\u00e1s trascendental de la historia reciente de la Rep\u00fablica Dominicana, ya que cambi\u00f3 el panorama mental, idol\u00f3gica y social de los dominicanos, resquebraj\u00e1ndose los lazos que exist\u00edan con la dictadura.<\/span><\/p>\n<\/p>\n<p><span class=\"text1noticias\">Dijo que la Primada de Am\u00e9rica es un producto tangible de la revoluci\u00f3n del 1965, debido a que el pueblo no ten\u00eda universidad abierta y democr\u00e1tica, al considerar que esas cantidades de profesionales que han salido de la academia de estudios superiores, tambi\u00e9n son el producto de esa gesta patri\u00f3tica. <\/span><\/p>\n<\/p>\n<p><span class=\"text1noticias\">Por su lado, el profesor  Alvaro Caama\u00f1o, de la escuela de Historia y Antropolog\u00eda, calific\u00f3 los hechos hist\u00f3ricos del 24 de abril de trascendentes, poruqe dejaron un significado patri\u00f3tico impreso en las p\u00e1ginas de la historia del pa\u00eds. <\/span><\/p>\n<p><span class=\"text1noticias\"> <\/span><\/p>\n<p><span class=\"text1noticias\">Caama\u00f1o destac\u00f3 las medidas que tom\u00f3 el presidente del momento, profesor Juan Bosch, a beneficio de la clase pobre, entre las que destac\u00f3 la celebraci\u00f3n de una Asamblea Constituyente,  precio tope al az\u00facar, derechos igualitarios a los hijos naturales, reconocimiento del matrimonio civil, que provoc\u00f3 fuertes contradicciones con los dem\u00e1s sectores, lo que provoc\u00f3 su  su derrocamiento, que m\u00e1s adelante produjo la revuelta.<\/span><\/p>\n<\/p>\n<p><span class=\"text1noticias\">En el acto estuvieron presentes adem\u00e1s, el secretario general de la UASD, doctor Juan Medina; ex vicerrector Docente, doctor Alejandro Pichardo; los decanos de las facultades de Ciencias Jur\u00eddicas y Pol\u00edticas, Santo Inocencio Mercedes, y de Ciencias Agron\u00f3micas y Veterinarias, ingeniero agr\u00f3nomo Manauel Calca\u00f1o<\/span><\/p>\n<\/p>\n<p><span class=\"text1noticias\">\tAsimismo, los vicedecanos de las facultades de Humanidades, licenciada Amelia Salas, y de Artes, maestro Dionisio de la Paz; el director de la escuela de Historia y Antropolog\u00eda, doctor Dioris Antigua; en representaci\u00f3n de los profesores ante el Consejo Universitario, H\u00e9ctor S\u00e1nchez y Jos\u00e9 El\u00edas Mu\u00f1oz, as\u00ed como el presidente de la Asociaci\u00f3n de Empleados Universitarios, ASODEMU, licenciado Reynaldo Aybar, y representantes de grupos estudiantiles. <\/span><\/p>\n<h6> 2009-04-24 21:16:16 <\/h6>\n<p><!--\n<link rel=\"stylesheet\" href=\"css\/bootstrap.min.css\">\n\n\n<ul class=\"pagination\">\n\t    \n\t\n\n<li >\n\t<a href='?page_no=21786'>Previous<\/a>\n\t<\/li>\n\n\n       \n    \n\n<li><a href='?page_no=1'>1<\/a><\/li>\n\n\n\n<li><a href='?page_no=2'>2<\/a><\/li>\n\n\n\n<li><a>...<\/a><\/li>\n\n\n\n<li><a href='?page_no=21785'>21785<\/a><\/li>\n\n\n\n<li><a href='?page_no=21786'>21786<\/a><\/li>\n\n\n\n<li class='active'><a>21787<\/a><\/li>\n\n\n\n<li><a href='?page_no=21788'>21788<\/a><\/li>\n\n\n\n<li><a href='?page_no=21789'>21789<\/a><\/li>\n\n\n\n<li><a>...<\/a><\/li>\n\n\n\n<li><a href='?page_no=22911'>22911<\/a><\/li>\n\n\n\n<li><a href='?page_no=22912'>22912<\/a><\/li>\n\n    \n\t\n\n<li >\n\t<a href='?page_no=21788'>Next<\/a>\n\t<\/li>\n\n\n    \n\n<li><a href='?page_no=22912'>Last &rsaquo;&rsaquo;<\/a><\/li>\n\n<\/ul>\n\n\n--><br \/>\n<\/body><\/p>\n","protected":false},"excerpt":{"rendered":"<p>La Universidad Aut\u00f3noma de Santo Domingo record\u00f3 este viernes el 44 aniversario de la Revoluci\u00f3n de Abril de 1965, con una ofrenda floral durante un acto realizado en la puerta Sur de esa academia. La actividad estuvo encabezada por el vicerrector de Extensi\u00f3n de la UASD, maestro Rafael Nino F\u00e9liz, quien calific\u00f3 el hecho hist\u00f3rico [&hellip;]<\/p>\n","protected":false},"author":3,"featured_media":0,"comment_status":"open","ping_status":"open","sticky":false,"template":"","format":"standard","meta":{"footnotes":""},"categories":[21],"tags":[],"class_list":["post-70109","post","type-post","status-publish","format-standard","hentry","category-cultura"],"_links":{"self":[{"href":"https:\/\/diariodominicano.com\/index.php?rest_route=\/wp\/v2\/posts\/70109","targetHints":{"allow":["GET"]}}],"collection":[{"href":"https:\/\/diariodominicano.com\/index.php?rest_route=\/wp\/v2\/posts"}],"about":[{"href":"https:\/\/diariodominicano.com\/index.php?rest_route=\/wp\/v2\/types\/post"}],"author":[{"embeddable":true,"href":"https:\/\/diariodominicano.com\/index.php?rest_route=\/wp\/v2\/users\/3"}],"replies":[{"embeddable":true,"href":"https:\/\/diariodominicano.com\/index.php?rest_route=%2Fwp%2Fv2%2Fcomments&post=70109"}],"version-history":[{"count":0,"href":"https:\/\/diariodominicano.com\/index.php?rest_route=\/wp\/v2\/posts\/70109\/revisions"}],"wp:attachment":[{"href":"https:\/\/diariodominicano.com\/index.php?rest_route=%2Fwp%2Fv2%2Fmedia&parent=70109"}],"wp:term":[{"taxonomy":"category","embeddable":true,"href":"https:\/\/diariodominicano.com\/index.php?rest_route=%2Fwp%2Fv2%2Fcategories&post=70109"},{"taxonomy":"post_tag","embeddable":true,"href":"https:\/\/diariodominicano.com\/index.php?rest_route=%2Fwp%2Fv2%2Ftags&post=70109"}],"curies":[{"name":"wp","href":"https:\/\/api.w.org\/{rel}","templated":true}]}}