{"id":70108,"date":"2009-04-24T21:17:47","date_gmt":"2009-04-24T21:17:47","guid":{"rendered":"http:\/\/diariodominicano.ddns.net\/?p=70108"},"modified":"2009-04-24T21:17:47","modified_gmt":"2009-04-24T21:17:47","slug":"paradoja-vernacula-de-la-arquitectura-israeli","status":"publish","type":"post","link":"https:\/\/diariodominicano.com\/?p=70108","title":{"rendered":"Paradoja Vern\u00e1cula de la  Arquitectura Israel\u00ed?."},"content":{"rendered":"<p><body><\/p>\n<p><img decoding=\"async\" src=\"http:\/\/localhost:8080\/img3\/isra.jpg\" \/>  <\/p>\n<p><span class=\"text1noticias\">SANTO DOMINGO. La expresi\u00f3n y el contenido de la impresionante arquitectura israel\u00ed, es la mueva exposici\u00f3n que el Museo de Arte Moderno est\u00e1 presentando en el marco de la XII Feria Internacional del Libro Santo Domingo 2009, dedicado al maestro de la literatura dominicana Juan Bosch, teniendo como pa\u00eds invitado a Brasil.<\/span><\/p>\n<\/p>\n<p><span class=\"text1noticias\">La muestra tra\u00edda exclusivamente al MAM por la Embajada de Israel en la Rep\u00fablica Dominicana, forma parte del calendario de actividad de esa naci\u00f3n del contenido asi\u00e1tico en la Feria del Libro.<\/span><\/p>\n<\/p>\n<p><span class=\"text1noticias\">La amplia exposici\u00f3n, titulada ?Encuentros: Paradoja Vern\u00e1cula de la Arquitectura Israel\u00ed?, tambi\u00e9n cuenta con el Aporo de la Secretar\u00eda de Estado de Cultura y la Direcci\u00f3n General de la Feria del Libro.<\/span><\/p>\n<\/p>\n<p><span class=\"text1noticias\">El embajador de Israel, se\u00f1or Amos Radian, dijo que la exhibici\u00f3n ?Encuentros? representa una selecci\u00f3n de edificios cuyo punto de partida fue ?el lugar? con todas sus caracter\u00edsticas f\u00edsicas, clim\u00e1ticas, espirituales y culturales, que  exhiben claras tendencias arquitect\u00f3nicas, que  se  cristalizan  en  una orgullosa identidad arquitect\u00f3nica israel\u00ed.<\/span><\/p>\n<\/p>\n<p><span class=\"text1noticias\">?El resultado no ser\u00e1 una arquitectura internacional ni tampoco unas pseudo-local, sino una arquitectura nativa basada en un lenguaje decisivo e inteligente?, aclara Radian.<\/span><\/p>\n<\/p>\n<p><span class=\"text1noticias\">De su lado, el Arquitecto Ami Ran, quien presenta esta obra, afirma que su prop\u00f3sito es \u00abla b\u00fasqueda de la propia identidad, derivada de diversas fuentes en compromiso, dando testimonio de que todo conflicto y toda necesidad, puede ser resuelta\u00bb. <\/span><\/p>\n<\/p>\n<p><span class=\"text1noticias\">Las fotograf\u00edas y los textos  descriptivos que las acompa\u00f1an, reflejan el v\u00ednculo que une a las formas de los diferentes edificios con las creencias  y tradiciones del lugar.<\/span><\/p>\n<\/p>\n<p><span class=\"text1noticias\">Paralelamente al multifac\u00e9tico conflicto \u00e1rabe-israel\u00ed, existe un dialogo permanente entre la arquitectura \u00e1rabe y su vecina israel\u00ed. La  primera, vern\u00e1cula, tradicional, trasmitida desde la antig\u00fcedad de padre a hijo. <\/span><\/p>\n<\/p>\n<p><span class=\"text1noticias\">La segunda, rica en conocimiento y en tecnolog\u00eda,  aunque luchando por encontrar su ligaz\u00f3n con la religi\u00f3n. Concientes de las ventajas de la arquitectura \u00e1rabe, los arquitectos israel\u00edes han utilizado desde hace a\u00f1os ?caracter\u00edsticas regionales?  tradicionales como arcos, c\u00fapulas y materiales de construcci\u00f3n ?ind\u00edgenas?.<\/span><\/p>\n<\/p>\n<p><span class=\"text1noticias\">Explica, adem\u00e1s que los resultados han sido generalmente una acumulaci\u00f3n superficial de formas, carentes de  pertinencia y de expresi\u00f3n, tanto del contenido del  edificio como de sus alrededores f\u00edsicos.<\/span><\/p>\n<\/p>\n<p><span class=\"text1noticias\">Los mayores factores detr\u00e1s de esta transformaci\u00f3n del pa\u00eds, son la modernizaci\u00f3n y el proceso de desarrollo econ\u00f3mico, generado por el establecimiento del Estado de Israel en 1948.<\/span><\/p>\n<h6> 2009-04-24 21:17:47 <\/h6>\n<p><!--\n<link rel=\"stylesheet\" href=\"css\/bootstrap.min.css\">\n\n\n<ul class=\"pagination\">\n\t    \n\t\n\n<li >\n\t<a href='?page_no=21785'>Previous<\/a>\n\t<\/li>\n\n\n       \n    \n\n<li><a href='?page_no=1'>1<\/a><\/li>\n\n\n\n<li><a href='?page_no=2'>2<\/a><\/li>\n\n\n\n<li><a>...<\/a><\/li>\n\n\n\n<li><a href='?page_no=21784'>21784<\/a><\/li>\n\n\n\n<li><a href='?page_no=21785'>21785<\/a><\/li>\n\n\n\n<li class='active'><a>21786<\/a><\/li>\n\n\n\n<li><a href='?page_no=21787'>21787<\/a><\/li>\n\n\n\n<li><a href='?page_no=21788'>21788<\/a><\/li>\n\n\n\n<li><a>...<\/a><\/li>\n\n\n\n<li><a href='?page_no=22911'>22911<\/a><\/li>\n\n\n\n<li><a href='?page_no=22912'>22912<\/a><\/li>\n\n    \n\t\n\n<li >\n\t<a href='?page_no=21787'>Next<\/a>\n\t<\/li>\n\n\n    \n\n<li><a href='?page_no=22912'>Last &rsaquo;&rsaquo;<\/a><\/li>\n\n<\/ul>\n\n\n--><br \/>\n<\/body><\/p>\n","protected":false},"excerpt":{"rendered":"<p>SANTO DOMINGO. La expresi\u00f3n y el contenido de la impresionante arquitectura israel\u00ed, es la mueva exposici\u00f3n que el Museo de Arte Moderno est\u00e1 presentando en el marco de la XII Feria Internacional del Libro Santo Domingo 2009, dedicado al maestro de la literatura dominicana Juan Bosch, teniendo como pa\u00eds invitado a Brasil. La muestra tra\u00edda [&hellip;]<\/p>\n","protected":false},"author":3,"featured_media":0,"comment_status":"open","ping_status":"open","sticky":false,"template":"","format":"standard","meta":{"footnotes":""},"categories":[21],"tags":[],"class_list":["post-70108","post","type-post","status-publish","format-standard","hentry","category-cultura"],"_links":{"self":[{"href":"https:\/\/diariodominicano.com\/index.php?rest_route=\/wp\/v2\/posts\/70108","targetHints":{"allow":["GET"]}}],"collection":[{"href":"https:\/\/diariodominicano.com\/index.php?rest_route=\/wp\/v2\/posts"}],"about":[{"href":"https:\/\/diariodominicano.com\/index.php?rest_route=\/wp\/v2\/types\/post"}],"author":[{"embeddable":true,"href":"https:\/\/diariodominicano.com\/index.php?rest_route=\/wp\/v2\/users\/3"}],"replies":[{"embeddable":true,"href":"https:\/\/diariodominicano.com\/index.php?rest_route=%2Fwp%2Fv2%2Fcomments&post=70108"}],"version-history":[{"count":0,"href":"https:\/\/diariodominicano.com\/index.php?rest_route=\/wp\/v2\/posts\/70108\/revisions"}],"wp:attachment":[{"href":"https:\/\/diariodominicano.com\/index.php?rest_route=%2Fwp%2Fv2%2Fmedia&parent=70108"}],"wp:term":[{"taxonomy":"category","embeddable":true,"href":"https:\/\/diariodominicano.com\/index.php?rest_route=%2Fwp%2Fv2%2Fcategories&post=70108"},{"taxonomy":"post_tag","embeddable":true,"href":"https:\/\/diariodominicano.com\/index.php?rest_route=%2Fwp%2Fv2%2Ftags&post=70108"}],"curies":[{"name":"wp","href":"https:\/\/api.w.org\/{rel}","templated":true}]}}