{"id":70106,"date":"2009-04-26T14:47:24","date_gmt":"2009-04-26T14:47:24","guid":{"rendered":"http:\/\/diariodominicano.ddns.net\/?p=70106"},"modified":"2009-04-26T14:47:24","modified_gmt":"2009-04-26T14:47:24","slug":"escritor-petromacorisano-presenta-libro-de-cuentos-breves","status":"publish","type":"post","link":"https:\/\/diariodominicano.com\/?p=70106","title":{"rendered":"Escritor petromacorisano presenta libro de Cuentos Breves&#13;"},"content":{"rendered":"<p><body><\/p>\n<p><img decoding=\"async\" src=\"http:\/\/localhost:8080\/img3\/peto.jpg\" \/>  <\/p>\n<p><span class=\"text1noticias\">?El arte puede ser sencillo y a la vez atractivo, ya que es a trav\u00e9s del cuento breve como se puede expresar la belleza y otras tantas cosas?, expres\u00f3 Julio Rafael Anglada Garc\u00eda durante la presentaci\u00f3n de su primera obra ?Polvo en el Viento?.<\/span><\/p>\n<p><span class=\"text1noticias\"> <\/span><\/p>\n<p><span class=\"text1noticias\">El joven escritor petromacorisano habl\u00f3 durante el conversatorio que forma parte del programa de la XII Feria Internacional del Libro Santo Domingo 2009, en el cual  manifest\u00f3 que la literatura puede ser un buen  veh\u00edculo para expresar sentimientos de solidaridad, amor y paz.<\/span><\/p>\n<p><span class=\"text1noticias\"> <\/span><\/p>\n<p><span class=\"text1noticias\">Para Anglada Garc\u00eda cada uno de estos cuentos manifiestan el amor por sobre todas las cosas e instan a la b\u00fasqueda de las cosas buenas. <\/span><\/p>\n<p><span class=\"text1noticias\"> <\/span><\/p>\n<p><span class=\"text1noticias\">El autor de ?Polvo en el Viento? sostuvo que estos cuentos hay que leerlos en perspectiva, no circunscribirlos, puesto que ?hay que ver las cosas a largo plazo?, dijo Anglada.<\/span><\/p>\n<p><span class=\"text1noticias\"> <\/span><\/p>\n<p><span class=\"text1noticias\">La obra forma parte de las vivencias y sentimientos que adquiri\u00f3 a trav\u00e9s de diversas lecturas de autores dominicanos.<\/span><\/p>\n<p><span class=\"text1noticias\"> <\/span><\/p>\n<p><span class=\"text1noticias\">En ese contexto Anglada Garc\u00eda dijo que uno de los signos de este tiempo es que ?tenemos muchas cosas que ver, que leer, y poco tiempo para ello, es por eso que creo en un material breve, corto, pero con profundidad y belleza?.<\/span><\/p>\n<p><span class=\"text1noticias\"> <\/span><\/p>\n<p><span class=\"text1noticias\">Exhort\u00f3 a los j\u00f3venes a amar y disfrutar de la lectura, tanto como disfrutan de un suculento plato gourmet, una bachata o un merengue.  ?Con esto se benefician; m\u00e1s a\u00fan, con  la lectura ser\u00e1n siempre beneficiados?, destac\u00f3 Anglada Garc\u00eda.<\/span><\/p>\n<p><span class=\"text1noticias\"> <\/span><\/p>\n<p><span class=\"text1noticias\">Jos\u00e9 Rafael Anglada Garc\u00eda <\/span><\/p>\n<p><span class=\"text1noticias\">Nace en la ciudad de Santo Domingo, reside en San Pedro de Macor\u00eds desde la edad de nueve a\u00f1os, donde desarroll\u00f3 la mayor parte de su vida. Fue alguacil de estrados en el Juzgado de Paz de San Pedro de Macor\u00eds. Es graduado de Dr. en Derecho en la Universidad de Central de Este (UCE).<\/span><\/p>\n<p><span class=\"text1noticias\"> <\/span><\/p>\n<p><span class=\"text1noticias\">Fue miembro del coro de dicha instituci\u00f3n en la voz de tenor. Fue miembro del Centro de Arte Regional ?Mar\u00eda la O?. <\/span><\/p>\n<p><span class=\"text1noticias\"> <\/span><\/p>\n<p><span class=\"text1noticias\">En la actualidad es parte de la Direcci\u00f3n Provincial de Cultura de forma voluntaria y miembro del Taller Literario Ren\u00e9 del Risco Berm\u00fadez. Es declamador, amante de las artes pl\u00e1sticas, y pintor aficionado y caricaturista. Tiene una columna fija en el peri\u00f3dico RaFa.com, tiene varias obras in\u00e9ditas en distintos g\u00e9neros. <\/span><\/p>\n<h6> 2009-04-26 14:47:24 <\/h6>\n<p><!--\n<link rel=\"stylesheet\" href=\"css\/bootstrap.min.css\">\n\n\n<ul class=\"pagination\">\n\t    \n\t\n\n<li >\n\t<a href='?page_no=21783'>Previous<\/a>\n\t<\/li>\n\n\n       \n    \n\n<li><a href='?page_no=1'>1<\/a><\/li>\n\n\n\n<li><a href='?page_no=2'>2<\/a><\/li>\n\n\n\n<li><a>...<\/a><\/li>\n\n\n\n<li><a href='?page_no=21782'>21782<\/a><\/li>\n\n\n\n<li><a href='?page_no=21783'>21783<\/a><\/li>\n\n\n\n<li class='active'><a>21784<\/a><\/li>\n\n\n\n<li><a href='?page_no=21785'>21785<\/a><\/li>\n\n\n\n<li><a href='?page_no=21786'>21786<\/a><\/li>\n\n\n\n<li><a>...<\/a><\/li>\n\n\n\n<li><a href='?page_no=22911'>22911<\/a><\/li>\n\n\n\n<li><a href='?page_no=22912'>22912<\/a><\/li>\n\n    \n\t\n\n<li >\n\t<a href='?page_no=21785'>Next<\/a>\n\t<\/li>\n\n\n    \n\n<li><a href='?page_no=22912'>Last &rsaquo;&rsaquo;<\/a><\/li>\n\n<\/ul>\n\n\n--><br \/>\n<\/body><\/p>\n","protected":false},"excerpt":{"rendered":"<p>?El arte puede ser sencillo y a la vez atractivo, ya que es a trav\u00e9s del cuento breve como se puede expresar la belleza y otras tantas cosas?, expres\u00f3 Julio Rafael Anglada Garc\u00eda durante la presentaci\u00f3n de su primera obra ?Polvo en el Viento?. El joven escritor petromacorisano habl\u00f3 durante el conversatorio que forma parte [&hellip;]<\/p>\n","protected":false},"author":3,"featured_media":0,"comment_status":"open","ping_status":"open","sticky":false,"template":"","format":"standard","meta":{"footnotes":""},"categories":[21],"tags":[],"class_list":["post-70106","post","type-post","status-publish","format-standard","hentry","category-cultura"],"_links":{"self":[{"href":"https:\/\/diariodominicano.com\/index.php?rest_route=\/wp\/v2\/posts\/70106","targetHints":{"allow":["GET"]}}],"collection":[{"href":"https:\/\/diariodominicano.com\/index.php?rest_route=\/wp\/v2\/posts"}],"about":[{"href":"https:\/\/diariodominicano.com\/index.php?rest_route=\/wp\/v2\/types\/post"}],"author":[{"embeddable":true,"href":"https:\/\/diariodominicano.com\/index.php?rest_route=\/wp\/v2\/users\/3"}],"replies":[{"embeddable":true,"href":"https:\/\/diariodominicano.com\/index.php?rest_route=%2Fwp%2Fv2%2Fcomments&post=70106"}],"version-history":[{"count":0,"href":"https:\/\/diariodominicano.com\/index.php?rest_route=\/wp\/v2\/posts\/70106\/revisions"}],"wp:attachment":[{"href":"https:\/\/diariodominicano.com\/index.php?rest_route=%2Fwp%2Fv2%2Fmedia&parent=70106"}],"wp:term":[{"taxonomy":"category","embeddable":true,"href":"https:\/\/diariodominicano.com\/index.php?rest_route=%2Fwp%2Fv2%2Fcategories&post=70106"},{"taxonomy":"post_tag","embeddable":true,"href":"https:\/\/diariodominicano.com\/index.php?rest_route=%2Fwp%2Fv2%2Ftags&post=70106"}],"curies":[{"name":"wp","href":"https:\/\/api.w.org\/{rel}","templated":true}]}}