{"id":70105,"date":"2009-04-27T14:11:36","date_gmt":"2009-04-27T14:11:36","guid":{"rendered":"http:\/\/diariodominicano.ddns.net\/?p=70105"},"modified":"2009-04-27T14:11:36","modified_gmt":"2009-04-27T14:11:36","slug":"durante-un-mes-boquechivo-y-sus-ocurrencias-en-el-mam","status":"publish","type":"post","link":"https:\/\/diariodominicano.com\/?p=70105","title":{"rendered":"Durante un mes Boquechivo y sus ocurrencias en el  MAM"},"content":{"rendered":"<p><body><\/p>\n<p><img decoding=\"async\" src=\"http:\/\/localhost:8080\/img3\/boque.jpg\" \/>  <\/p>\n<p><span class=\"text1noticias\">SANTO DOMINGO. Una de las atracciones m\u00e1s llamativas del amplio calendario de exposiciones que est\u00e1 presentando la XII Feria Internacional del Libro es el Pabell\u00f3n del Comic y junto a este la gran muestra  ?Boquechivo ?ta por el librito?, abierta a casa llena en el sal\u00f3n principal del Museo del Arte Moderno.<\/span><\/p>\n<\/p>\n<p><span class=\"text1noticias\">Las ocurrencias de este gran artista caricaturista est\u00e1 plasmado en 70 dibujos de sus m\u00e1s impresionantes comic Di\u00f3genes y Boquechivo, adue\u00f1ado de los m\u00e1s importantes comentarios de cr\u00edticos especializado.<\/span><\/p>\n<\/p>\n<p><span class=\"text1noticias\">Apoyado por la Secretar\u00eda de Estado de Cultura, la Direcci\u00f3n General de la Feria del Libro y la propia Casa de los Artistas (MAM) Harold Priego muestra durante un mes todas sus ocurrencias en el famoso personales Boquechivo.<\/span><\/p>\n<\/p>\n<p><span class=\"text1noticias\">Es una exposici\u00f3n bien particular en la edici\u00f3n de este a\u00f1o de la Feria Internacional del Libro,   dedicada  al Profesor Juan Bosch en el centenario de su nacimiento, y tiene a Brasil como pa\u00eds Invitado de Honor, Boquechivo, la caricatura m\u00e1s consumida en el pa\u00eds, se expone junto a otros personajes creados por Harold Priego, un caricaturista de larga data quien hace diversos trabajos para medios de comunicaci\u00f3n.<\/span><\/p>\n<\/p>\n<p><span class=\"text1noticias\">A las caricaturas le acompa\u00f1an una especie de antolog\u00eda de las mejores tiras comicas que ha hecho Priego con este personaje. <\/span><\/p>\n<\/p>\n<p><span class=\"text1noticias\">Esta exposici\u00f3n est\u00e1 compuesta por unos 70 dibujos en blanco y negro y a color sobre el famoso personaje de Boquechivo creado por este reconocido caricaturista dominicano, quien adem\u00e1s es ilustrador, director de arte, dise\u00f1ador,  animador y pintor.  <\/span><\/p>\n<\/p>\n<p><span class=\"text1noticias\">En la apertura de la muestra, una delegaci\u00f3n de la Feria del Libro, integrada por su Director, Alejandro Arvelo y en representaci\u00f3n del Secretario de Cultura, Jos\u00e9 Rafael Lantigua, los se\u00f1ores Mateo Morrison y Alexander Santana, subsecretario administrativo de la cartera, entregaron a Priego un reconocimiento su amplia labor art\u00edstica.<\/span><\/p>\n<\/p>\n<p><span class=\"text1noticias\">Cabe destacar el montaje por primera vez en la Feria del Libro, del Pabell\u00f3n del Comic, el cual exhibe la historia de este g\u00e9nero tanto a nivel nacional como internacional y su desarrollo hasta el d\u00eda de hoy, afirma Arvelo en momento de reconocer el artista.<\/span><\/p>\n<\/p>\n<p><span class=\"text1noticias\">Dijo que el Comic se define como una serie de dibujos que constituyen un relato vali\u00e9ndose o no de texto, as\u00ed como al libro o revista que lo contiene. Tambi\u00e9n se le define como ?ilustraciones yuxtapuestas y otras im\u00e1genes, en secuencia deliberada con el prop\u00f3sito de transmitir una informaci\u00f3n u obtener una respuesta est\u00e9tica del lector?.<\/span><\/p>\n<\/p>\n<p><span class=\"text1noticias\">Ram\u00f3n Puello B\u00e1ez, reconocido periodista, sostiene que ?Harold Priego constituye el fen\u00f3meno de los \u00faltimos a\u00f1os. Su protagonismo, que viene desde mediado de los a\u00f1os `90, ya cubre casi la primera d\u00e9cada del siglo XXI con sus personajes Don Bartolo, Mat\u00edas y Berroa, y Di\u00f3genes &amp; Boquechivo. Con una imaginaci\u00f3n f\u00e9rtil, combinada con un agudo sentido pol\u00edtico y fino humor, Priego ha logrado conectarse con el sentir popular creando verdaderas genialidades del humor pol\u00edtico dominicano?. <\/span><\/p>\n<\/p>\n<p><span class=\"text1noticias\">Priego comenz\u00f3 a estudiar arquitectura, pero s\u00f3lo dur\u00f3 3 a\u00f1os en la carrera, luego pas\u00f3 a trabajar en el \u00e1rea de la publicidad. Estuvo en varias agencias publicitarias como: 1977-1980 Publicidad Interam\u00e9rica, Director de Arte. 1980-1983  Marca- Leo Burnett, Director de Arte. 1984-1985   Aife J. Walter Thompson, Director de Arte. 1986-1988    Harold &amp; Striddels, Vicepresidente Creativo. 1988-1990    Young &amp; Rubicam Damaris, Director de Arte. 1991-1993  Leo Burnett, Director Creativo Asc. 1993-1995     Nandy Rivas y Asc., Director de Arte. 1995-2004   Pag\u00e9s BBDO, Director de Arte e Ilustrador. M\u00e1s adelante, pas\u00f3 a ser el Director del peri\u00f3dico de humor El Boquechivo  del  List\u00edn Diario y actualmente es colaborador y caricaturista pol\u00edtico de los peri\u00f3dicos Diario Libre, El Caribe, Hoy, List\u00edn Diario y H&amp;N, Comunicaci\u00f3n Integral y Compa\u00f1\u00eda de Proyectos.<\/span><\/p>\n<\/p>\n<p><span class=\"text1noticias\">El personaje de Boquechivo,  quien siempre se hace acompa\u00f1ar de Di\u00f3genes y otros como Tulio, Yulady, Espabiondo nace-seg\u00fan cuenta su autor- en la zona colonial de Santo Domingo el d\u00eda 28 de octubre del 1996. Por esos d\u00edas y a petici\u00f3n del Dr. Rafael Molina Morillo, director en ese entonces del List\u00edn Diario, le comision\u00f3 el proyecto de crear un personaje local, y de ah\u00ed sali\u00f3 el primer Don Bartolo, un profesor cincuent\u00f3n que modestamente viv\u00eda en la zona y que representaba situaciones cotidianas que protagonizaban cualquiera de los vecinos cerca del parque Col\u00f3n. Pero un buen d\u00eda, para darle m\u00e1s fuerza a la tira, aparecieron Di\u00f3genes, un mendigo fil\u00f3sofo y contradictor de todo, y Boquechivo, ingenuo, humilde, sin escuela pero buena gente. <\/span><\/p>\n<\/p>\n<p><span class=\"text1noticias\">Al pasar el tiempo Di\u00f3genes y Boquechivo desplazan a Don Bartolo en popularidad y se hacen due\u00f1os del espacio, teniendo mayor fama al pasar a formar parte de Diario Libre. Di\u00f3genes es el cl\u00e1sico te\u00f3rico que reproduce p\u00e1ginas de ret\u00f3rica barata haciendo met\u00e1foras sin sentido,  entremezclando lo poco le\u00eddo con lo imaginado,   fil\u00f3sofo por naturaleza, pobre por consecuencia. Boquechivo es cuando la incapacidad se eleva a nivel de t\u00edtulo, es superficial, sano y limpio de cerebro,  vago por vocaci\u00f3n y alcoh\u00f3lico por geograf\u00eda.  Ambos son dos seres inconformes que viven atrapados en el  tiempo y el espacio,  entre los tiros  de abril y el Internet. Son el Quijote y el Sancho Panza   de esta \u00e9poca, totalmente nihilistas, independientes y sin sueldo epocal.  <\/span><\/p>\n<\/p>\n<p><span class=\"text1noticias\">Sobre sus trabajos, Harold Priego confiesa que  ?Ojal\u00e1 disfruten de la simpat\u00eda de este d\u00fao din\u00e1mico y pedimos excusas por las ronchas y los efectos colaterales que puedan causar los chistes, que no  fueron creados para herir susceptibilidades, sino para salvar el humilde arte de la caricatura?.<\/span><\/p>\n<\/p>\n<p><span class=\"text1noticias\">?Boquechivo ?ta por el librito? estar\u00e1 abierta al p\u00fablico hasta el 17 de mayo en la primera planta. El MAM est\u00e1 localizado en la Avda. Pedro Henr\u00edquez Ure\u00f1a, Plaza de la Cultura Juan Pablo Duarte, y est\u00e1 abierto en horario extendido todos los d\u00edas de 9:00 a.m. a 10:00 p.m. <\/span><\/p>\n<h6> 2009-04-27 14:11:36 <\/h6>\n<p><!--\n<link rel=\"stylesheet\" href=\"css\/bootstrap.min.css\">\n\n\n<ul class=\"pagination\">\n\t    \n\t\n\n<li >\n\t<a href='?page_no=21782'>Previous<\/a>\n\t<\/li>\n\n\n       \n    \n\n<li><a href='?page_no=1'>1<\/a><\/li>\n\n\n\n<li><a href='?page_no=2'>2<\/a><\/li>\n\n\n\n<li><a>...<\/a><\/li>\n\n\n\n<li><a href='?page_no=21781'>21781<\/a><\/li>\n\n\n\n<li><a href='?page_no=21782'>21782<\/a><\/li>\n\n\n\n<li class='active'><a>21783<\/a><\/li>\n\n\n\n<li><a href='?page_no=21784'>21784<\/a><\/li>\n\n\n\n<li><a href='?page_no=21785'>21785<\/a><\/li>\n\n\n\n<li><a>...<\/a><\/li>\n\n\n\n<li><a href='?page_no=22911'>22911<\/a><\/li>\n\n\n\n<li><a href='?page_no=22912'>22912<\/a><\/li>\n\n    \n\t\n\n<li >\n\t<a href='?page_no=21784'>Next<\/a>\n\t<\/li>\n\n\n    \n\n<li><a href='?page_no=22912'>Last &rsaquo;&rsaquo;<\/a><\/li>\n\n<\/ul>\n\n\n--><br \/>\n<\/body><\/p>\n","protected":false},"excerpt":{"rendered":"<p>SANTO DOMINGO. Una de las atracciones m\u00e1s llamativas del amplio calendario de exposiciones que est\u00e1 presentando la XII Feria Internacional del Libro es el Pabell\u00f3n del Comic y junto a este la gran muestra ?Boquechivo ?ta por el librito?, abierta a casa llena en el sal\u00f3n principal del Museo del Arte Moderno. Las ocurrencias de [&hellip;]<\/p>\n","protected":false},"author":3,"featured_media":0,"comment_status":"open","ping_status":"open","sticky":false,"template":"","format":"standard","meta":{"footnotes":""},"categories":[21],"tags":[],"class_list":["post-70105","post","type-post","status-publish","format-standard","hentry","category-cultura"],"_links":{"self":[{"href":"https:\/\/diariodominicano.com\/index.php?rest_route=\/wp\/v2\/posts\/70105","targetHints":{"allow":["GET"]}}],"collection":[{"href":"https:\/\/diariodominicano.com\/index.php?rest_route=\/wp\/v2\/posts"}],"about":[{"href":"https:\/\/diariodominicano.com\/index.php?rest_route=\/wp\/v2\/types\/post"}],"author":[{"embeddable":true,"href":"https:\/\/diariodominicano.com\/index.php?rest_route=\/wp\/v2\/users\/3"}],"replies":[{"embeddable":true,"href":"https:\/\/diariodominicano.com\/index.php?rest_route=%2Fwp%2Fv2%2Fcomments&post=70105"}],"version-history":[{"count":0,"href":"https:\/\/diariodominicano.com\/index.php?rest_route=\/wp\/v2\/posts\/70105\/revisions"}],"wp:attachment":[{"href":"https:\/\/diariodominicano.com\/index.php?rest_route=%2Fwp%2Fv2%2Fmedia&parent=70105"}],"wp:term":[{"taxonomy":"category","embeddable":true,"href":"https:\/\/diariodominicano.com\/index.php?rest_route=%2Fwp%2Fv2%2Fcategories&post=70105"},{"taxonomy":"post_tag","embeddable":true,"href":"https:\/\/diariodominicano.com\/index.php?rest_route=%2Fwp%2Fv2%2Ftags&post=70105"}],"curies":[{"name":"wp","href":"https:\/\/api.w.org\/{rel}","templated":true}]}}