{"id":70103,"date":"2009-04-27T17:00:19","date_gmt":"2009-04-27T17:00:19","guid":{"rendered":"http:\/\/diariodominicano.ddns.net\/?p=70103"},"modified":"2009-04-27T17:00:19","modified_gmt":"2009-04-27T17:00:19","slug":"la-titular-de-educacion-superior-aboga-por-un-plan-comun-entre-la-seescyt-y-see-para-la-formacion-de-profesores-seminario-formar-al-profesorado-desde-un-enfoque-por-competenc","status":"publish","type":"post","link":"https:\/\/diariodominicano.com\/?p=70103","title":{"rendered":"La titular de Educaci\u00f3n Superior  aboga por un plan Com\u00fan entre la SEESCyT y SEE para la formaci\u00f3n de profesores: Seminario ?Formar al  profesorado desde un  Enfoque por  Competenc"},"content":{"rendered":"<p><body><\/p>\n<p><img decoding=\"async\" src=\"http:\/\/localhost:8080\/img3\/cardo.jpg\" \/>  <\/p>\n<p><span class=\"text1noticias\">La titular de Educaci\u00f3n Superior, Ciencia y Tecnolog\u00eda, licenciada Ligia Amada Melo de  Cardona dijo hoy que hay necesidad de transformar la educaci\u00f3n dominicana, actualiz\u00e1ndola y elevando la calidad de la misma.<\/span><\/p>\n<\/p>\n<p><span class=\"text1noticias\">?La educaci\u00f3n dominicana debe ser actualizada y modernizada por lo que desde las secretar\u00edas de Educaci\u00f3n Superior, Ciencia y Tecnolog\u00eda (SEESCyT) y de Educaci\u00f3n (SEE) estamos trabajando en un proyecto com\u00fan para la transformaci\u00f3n curricular de las escuelas de pedagog\u00eda de las 29 universidades dominicanas que imparten la carrera de educaci\u00f3n en el pa\u00eds, de donde sale el personal docente de las escuelas, colegios y universidades?, dijo Melo de Cardona.<\/span><\/p>\n<\/p>\n<p><span class=\"text1noticias\">?Si tenemos educadores competentes y actualizados en las aulas tendremos buenos egresados de la educaci\u00f3n inicial, b\u00e1sica y media lo cual de seguro se reflejar\u00e1 en las aulas universitarias, garantizando profesionales competentes y actualizados?, asegur\u00f3 la funcionaria. <\/span><\/p>\n<\/p>\n<p><span class=\"text1noticias\">?En la medida en que las universidades mejoran la calidad de sus egresados de las escuelas de pedagog\u00eda en esa misma medida se fortalece la educaci\u00f3n dominicana?, afirm\u00f3 la titular de la SEESCyT.<\/span><\/p>\n<p><span class=\"text1noticias\">Melo de Cardona hablo en el seminario-taller   ?Formar al Profesorado desde un Enfoque por Competencias? que inicio y se desarrollar\u00e1 hasta ma\u00f1ana.<\/span><\/p>\n<\/p>\n<p><span class=\"text1noticias\">De su lado el secretario de Educaci\u00f3n licenciado Melanio Paredes dijo que la SEESCyT y la cartera que dirige trabajan de manera conjunta en la construcci\u00f3n de un modelo educativo \u00fanico, para llevar a los maestros de las escuelas de pedagog\u00eda a un nivel educativo que puedan trabajar en la formaci\u00f3n de maestros de las escuelas y colegios del pa\u00eds para tener egresados de la educaci\u00f3n media capaces de insertarse en la educaci\u00f3n superior con \u00e9xitos. <\/span><\/p>\n<\/p>\n<p><span class=\"text1noticias\">Al seminario-taller asisten especialistas en formaci\u00f3n de profesores, y su relaci\u00f3n con propuestas de formaci\u00f3n del alumnado en los diferentes niveles del sistema educativo dominicano.<\/span><\/p>\n<\/p>\n<p><span class=\"text1noticias\">El evento se realiza en el marco del desarrollo y redise\u00f1o curricular del \u00e1rea de formaci\u00f3n de docentes, seg\u00fan contempla el Plan Decenal de Educaci\u00f3n Superior, Ciencia y Tecnolog\u00eda 2008-2018.<\/span><\/p>\n<\/p>\n<p><span class=\"text1noticias\">En el seminario se discute el significado del enfoque por competencias en el sistema escolar<\/span><\/p>\n<p><span class=\"text1noticias\">en general y sobre todo en la formaci\u00f3n del profesorado.<\/span><\/p>\n<\/p>\n<p><span class=\"text1noticias\">La actividad tiene entre sus objetivos el comprender y aprovechar cr\u00edticamente los conceptos de competencia b\u00e1sica o clave, general o transversal, analizar propuestas de formaci\u00f3n de profesores en diferentes niveles de concreci\u00f3n  elaboradas por distintas instancias de decisi\u00f3n, investigaci\u00f3n y reflexi\u00f3n.<\/span><\/p>\n<\/p>\n<p><span class=\"text1noticias\">Tambi\u00e9n analizar las implicaciones de un enfoque por competencias en las decisiones en tareas de formaci\u00f3n del profesorado y desarrollar habilidades para ponerlas en pr\u00e1ctica en el \u00e1mbitos de transformaci\u00f3n curricular, metodol\u00f3gico, evaluativo y de tutorizaci\u00f3n.<\/span><\/p>\n<\/p>\n<p><span class=\"text1noticias\">En la actividad, que dirige el doctor Eduardo Xos\u00e9 Fuentes Abeledo de la universidad de Santiago de Compostela, Espa\u00f1a se abordan temas relacionados con  propuestas de formaci\u00f3n de profesores inspiradas en un enfoque por competencias en diferentes niveles de concreci\u00f3n y elaborados por distintas instancias de decisi\u00f3n, investigaci\u00f3n y reflexi\u00f3n.<\/span><\/p>\n<h6> 2009-04-27 17:00:19 <\/h6>\n<p><!--\n<link rel=\"stylesheet\" href=\"css\/bootstrap.min.css\">\n\n\n<ul class=\"pagination\">\n\t    \n\t\n\n<li >\n\t<a href='?page_no=21780'>Previous<\/a>\n\t<\/li>\n\n\n       \n    \n\n<li><a href='?page_no=1'>1<\/a><\/li>\n\n\n\n<li><a href='?page_no=2'>2<\/a><\/li>\n\n\n\n<li><a>...<\/a><\/li>\n\n\n\n<li><a href='?page_no=21779'>21779<\/a><\/li>\n\n\n\n<li><a href='?page_no=21780'>21780<\/a><\/li>\n\n\n\n<li class='active'><a>21781<\/a><\/li>\n\n\n\n<li><a href='?page_no=21782'>21782<\/a><\/li>\n\n\n\n<li><a href='?page_no=21783'>21783<\/a><\/li>\n\n\n\n<li><a>...<\/a><\/li>\n\n\n\n<li><a href='?page_no=22911'>22911<\/a><\/li>\n\n\n\n<li><a href='?page_no=22912'>22912<\/a><\/li>\n\n    \n\t\n\n<li >\n\t<a href='?page_no=21782'>Next<\/a>\n\t<\/li>\n\n\n    \n\n<li><a href='?page_no=22912'>Last &rsaquo;&rsaquo;<\/a><\/li>\n\n<\/ul>\n\n\n--><br \/>\n<\/body><\/p>\n","protected":false},"excerpt":{"rendered":"<p>La titular de Educaci\u00f3n Superior, Ciencia y Tecnolog\u00eda, licenciada Ligia Amada Melo de Cardona dijo hoy que hay necesidad de transformar la educaci\u00f3n dominicana, actualiz\u00e1ndola y elevando la calidad de la misma. ?La educaci\u00f3n dominicana debe ser actualizada y modernizada por lo que desde las secretar\u00edas de Educaci\u00f3n Superior, Ciencia y Tecnolog\u00eda (SEESCyT) y de [&hellip;]<\/p>\n","protected":false},"author":3,"featured_media":0,"comment_status":"open","ping_status":"open","sticky":false,"template":"","format":"standard","meta":{"footnotes":""},"categories":[21],"tags":[],"class_list":["post-70103","post","type-post","status-publish","format-standard","hentry","category-cultura"],"_links":{"self":[{"href":"https:\/\/diariodominicano.com\/index.php?rest_route=\/wp\/v2\/posts\/70103","targetHints":{"allow":["GET"]}}],"collection":[{"href":"https:\/\/diariodominicano.com\/index.php?rest_route=\/wp\/v2\/posts"}],"about":[{"href":"https:\/\/diariodominicano.com\/index.php?rest_route=\/wp\/v2\/types\/post"}],"author":[{"embeddable":true,"href":"https:\/\/diariodominicano.com\/index.php?rest_route=\/wp\/v2\/users\/3"}],"replies":[{"embeddable":true,"href":"https:\/\/diariodominicano.com\/index.php?rest_route=%2Fwp%2Fv2%2Fcomments&post=70103"}],"version-history":[{"count":0,"href":"https:\/\/diariodominicano.com\/index.php?rest_route=\/wp\/v2\/posts\/70103\/revisions"}],"wp:attachment":[{"href":"https:\/\/diariodominicano.com\/index.php?rest_route=%2Fwp%2Fv2%2Fmedia&parent=70103"}],"wp:term":[{"taxonomy":"category","embeddable":true,"href":"https:\/\/diariodominicano.com\/index.php?rest_route=%2Fwp%2Fv2%2Fcategories&post=70103"},{"taxonomy":"post_tag","embeddable":true,"href":"https:\/\/diariodominicano.com\/index.php?rest_route=%2Fwp%2Fv2%2Ftags&post=70103"}],"curies":[{"name":"wp","href":"https:\/\/api.w.org\/{rel}","templated":true}]}}