{"id":70102,"date":"2009-04-27T19:49:08","date_gmt":"2009-04-27T19:49:08","guid":{"rendered":"http:\/\/diariodominicano.ddns.net\/?p=70102"},"modified":"2009-04-27T19:49:08","modified_gmt":"2009-04-27T19:49:08","slug":"rinden-homenaje-a-rafael-molina-morillo-en-xii-feria-internacional-del-libro-santo-domingo-2009","status":"publish","type":"post","link":"https:\/\/diariodominicano.com\/?p=70102","title":{"rendered":"Rinden homenaje a Rafael Molina Morillo en XII Feria Internacional del Libro Santo Domingo 2009"},"content":{"rendered":"<p><body><\/p>\n<p><img decoding=\"async\" src=\"http:\/\/localhost:8080\/img3\/morio.jpg\" \/>  <\/p>\n<p><span class=\"text1noticias\">Santo Domingo.-Dando seguimiento al programa de dedicatoria y designaci\u00f3n de calles a personalidades de la vida nacional, la Secretar\u00eda de Estado de Cultura y la Direcci\u00f3n General de la Feria del Libro, rotul\u00f3 una de las calles del recinto en donde se desarrolla la XII Feria Internacional del Libro con el nombre del escritor y periodista Rafael Molina Morillo, Director del matutino  El D\u00eda y fundador del peri\u00f3dico El Nacional, en el 1966. <\/span><\/p>\n<\/p>\n<p><span class=\"text1noticias\">El  reconocimiento otorgado a Molina Morillo, obedece  a su aporte en materia de producci\u00f3n literaria, difusi\u00f3n y fomento del libro y  la lectura en todas sus manifestaciones. <\/span><\/p>\n<\/p>\n<p><span class=\"text1noticias\">El acto estuvo presidido por el licenciado Jos\u00e9 Rafael Lantigua, Secretario de Estado de Cultura; Alejandro Arvelo, Director General de la Feria de Libro; Bernarda Jorge, Subsecretaria de Participaci\u00f3n Popular y Creatividad; y Mateo Morrison, Subsecretario de Desarrollo Institucional.<\/span><\/p>\n<\/p>\n<p><span class=\"text1noticias\">Durante el acto estudiantes de la Escuela Nacional de Artes Visuales, plasmaron sobre el lienzo la imagen del homenajeado empleando la t\u00e9cnica de \u00f3leo sobre tela.<\/span><\/p>\n<\/p>\n<p><span class=\"text1noticias\">En su intervenci\u00f3n, Alejandro Arvelo, expres\u00f3 que hablar de Rafael Molina Morillo, es hablar de una de esas personalidades fundantes de la sociedad dominicana. <\/span><\/p>\n<\/p>\n<p><span class=\"text1noticias\">Destac\u00f3, que el homenajeado cuenta con una trayectoria period\u00edstica y vida de trabajo  siempre en favor de la democracia.    <\/span><\/p>\n<\/p>\n<p><span class=\"text1noticias\">El homenajeado agradeci\u00f3 al titular de cultura Jos\u00e9 Rafael Lantigua, porque nunca se imagin\u00f3 que iba a recibir un homenaje en medio de un evento tan importante como la Feria Internacional del Libro. <\/span><\/p>\n<\/p>\n<p><span class=\"text1noticias\">Dijo, que se trata de un homenaje muy significativo para \u00e9l y su familia, ya que al mi tiempo lo obliga a desplegar mayores esfuerzos en su tarea cotidiana de informar y orientar a la poblaci\u00f3n.  <\/span><\/p>\n<\/p>\n<p><span class=\"text1noticias\">?Agradezco este homenaje en mi honor, lo recibo con humildad, lo comparto con mi familia y el pueblo dominicano\u00b4\u00b4 Signific\u00f3 Morillo.<\/span><\/p>\n<\/p>\n<p><span class=\"text1noticias\">En el acto estuvieron presentes, el escritor Rafael Garc\u00eda Romero, as\u00ed como estudiantes del Centro Educativo Mi Colegio, representado por la alumna Leslie Ram\u00edrez, quien defini\u00f3 a Rafael Molina Morillo, como uno de los padres del periodismo en Rep\u00fablica Dominicana.   <\/span><\/p>\n<\/p>\n<p><span class=\"text1noticias\">Rafael Molina Morillo, periodista, abogado y diplom\u00e1tico. Naci\u00f3 en La Vega el 31 de marzo de 1930,  es autor de los libros titulados \u00b4?La Prensa y la Ley en Santo Domingo?, ?Gloria y Repudio\u00b4\u00b4, ?Biograf\u00eda de Pedro Santana?, ?Personalidades Dominicanas, 1992 y 1996?, entre otras obras.<\/span><\/p>\n<h6> 2009-04-27 19:49:08 <\/h6>\n<p><!--\n<link rel=\"stylesheet\" href=\"css\/bootstrap.min.css\">\n\n\n<ul class=\"pagination\">\n\t    \n\t\n\n<li >\n\t<a href='?page_no=21779'>Previous<\/a>\n\t<\/li>\n\n\n       \n    \n\n<li><a href='?page_no=1'>1<\/a><\/li>\n\n\n\n<li><a href='?page_no=2'>2<\/a><\/li>\n\n\n\n<li><a>...<\/a><\/li>\n\n\n\n<li><a href='?page_no=21778'>21778<\/a><\/li>\n\n\n\n<li><a href='?page_no=21779'>21779<\/a><\/li>\n\n\n\n<li class='active'><a>21780<\/a><\/li>\n\n\n\n<li><a href='?page_no=21781'>21781<\/a><\/li>\n\n\n\n<li><a href='?page_no=21782'>21782<\/a><\/li>\n\n\n\n<li><a>...<\/a><\/li>\n\n\n\n<li><a href='?page_no=22911'>22911<\/a><\/li>\n\n\n\n<li><a href='?page_no=22912'>22912<\/a><\/li>\n\n    \n\t\n\n<li >\n\t<a href='?page_no=21781'>Next<\/a>\n\t<\/li>\n\n\n    \n\n<li><a href='?page_no=22912'>Last &rsaquo;&rsaquo;<\/a><\/li>\n\n<\/ul>\n\n\n--><br \/>\n<\/body><\/p>\n","protected":false},"excerpt":{"rendered":"<p>Santo Domingo.-Dando seguimiento al programa de dedicatoria y designaci\u00f3n de calles a personalidades de la vida nacional, la Secretar\u00eda de Estado de Cultura y la Direcci\u00f3n General de la Feria del Libro, rotul\u00f3 una de las calles del recinto en donde se desarrolla la XII Feria Internacional del Libro con el nombre del escritor y [&hellip;]<\/p>\n","protected":false},"author":3,"featured_media":0,"comment_status":"open","ping_status":"open","sticky":false,"template":"","format":"standard","meta":{"footnotes":""},"categories":[21],"tags":[],"class_list":["post-70102","post","type-post","status-publish","format-standard","hentry","category-cultura"],"_links":{"self":[{"href":"https:\/\/diariodominicano.com\/index.php?rest_route=\/wp\/v2\/posts\/70102","targetHints":{"allow":["GET"]}}],"collection":[{"href":"https:\/\/diariodominicano.com\/index.php?rest_route=\/wp\/v2\/posts"}],"about":[{"href":"https:\/\/diariodominicano.com\/index.php?rest_route=\/wp\/v2\/types\/post"}],"author":[{"embeddable":true,"href":"https:\/\/diariodominicano.com\/index.php?rest_route=\/wp\/v2\/users\/3"}],"replies":[{"embeddable":true,"href":"https:\/\/diariodominicano.com\/index.php?rest_route=%2Fwp%2Fv2%2Fcomments&post=70102"}],"version-history":[{"count":0,"href":"https:\/\/diariodominicano.com\/index.php?rest_route=\/wp\/v2\/posts\/70102\/revisions"}],"wp:attachment":[{"href":"https:\/\/diariodominicano.com\/index.php?rest_route=%2Fwp%2Fv2%2Fmedia&parent=70102"}],"wp:term":[{"taxonomy":"category","embeddable":true,"href":"https:\/\/diariodominicano.com\/index.php?rest_route=%2Fwp%2Fv2%2Fcategories&post=70102"},{"taxonomy":"post_tag","embeddable":true,"href":"https:\/\/diariodominicano.com\/index.php?rest_route=%2Fwp%2Fv2%2Ftags&post=70102"}],"curies":[{"name":"wp","href":"https:\/\/api.w.org\/{rel}","templated":true}]}}