{"id":70101,"date":"2009-04-27T21:40:56","date_gmt":"2009-04-27T21:40:56","guid":{"rendered":"http:\/\/diariodominicano.ddns.net\/?p=70101"},"modified":"2009-04-27T21:40:56","modified_gmt":"2009-04-27T21:40:56","slug":"piden-designar-feria-del-libro-2010-con-el-nombre-joaquin-balaguer","status":"publish","type":"post","link":"https:\/\/diariodominicano.com\/?p=70101","title":{"rendered":"Piden designar Feria del Libro 2010 con el nombre Joaqu\u00edn Balaguer"},"content":{"rendered":"<p><body><\/p>\n<p><span class=\"text1noticias\">Santo Domingo.-Directivos de la Fundaci\u00f3n Joaqu\u00edn Balaguer, Inc. y el Partido Reformista Social Cristiano pidieron hoy al Dr. Leonel Fern\u00e1ndez Reyna, Presidente de la Republica el designar la Feria del Libro del pr\u00f3ximo a\u00f1o con el nombre de Joaqu\u00edn Balaguer.<\/span><\/p>\n<p><span class=\"text1noticias\"> <\/span><\/p>\n<p><span class=\"text1noticias\">Rafael Bello Andino y An\u00edbal P\u00e1ez, Presidente y Director Ejecutivo de la Fundaci\u00f3n,  as\u00ed como el vicepresidente y vocero de los diputados reformistas, Ram\u00f3n Rogelio Genao, solicitaron al primer mandatario designar con el nombre del extinto l\u00edder reformista la Feria del Libro del 2010 tras argumentar que la amplia producci\u00f3n literaria del Dr. Balaguer en diferentes g\u00e9neros lo hace merecedor de tal distinci\u00f3n.<\/span><\/p>\n<p><span class=\"text1noticias\"> <\/span><\/p>\n<p><span class=\"text1noticias\">?El Balaguer escritor leg\u00f3 una amplia producci\u00f3n literaria de reconocimiento nacional e internacional en varios g\u00e9neros de las letras que merecen ser distinguidas por lo que al no poder dedicarle el evento en ocasi\u00f3n del centenario de su natalicio en el 2006, entendemos que lo mas oportuno seria dedicarle la del pr\u00f3ximo a\u00f1o y en tal sentido apelamos  al se\u00f1or Presidente de la Republica y a los organizadores del evento? expres\u00f3 Bello Andino.  <\/span><\/p>\n<p><span class=\"text1noticias\"> <\/span><\/p>\n<p><span class=\"text1noticias\">Genao se\u00f1al\u00f3, que como testamento bibliogr\u00e1fico Balaguer hered\u00f3 a los dominicanos mas de 40 t\u00edtulos,  que van desde la poes\u00eda,  la novela, la m\u00e9trica, los ensayos, las biograf\u00edas,  hasta textos con car\u00e1cter hist\u00f3rico y did\u00e1cticos, adem\u00e1s de los compendios de sus discursos que recogen su singular  oratoria pol\u00edtica  siempre teniendo como objetivo principal la divulgaci\u00f3n de sus ideas, no la procura de beneficios econ\u00f3micos.<\/span><\/p>\n<p><span class=\"text1noticias\"> <\/span><\/p>\n<p><span class=\"text1noticias\">?Lo importante  para el Balaguer escritor era la calidad del contenido y de la impresi\u00f3n de sus libros combinada con un precio que no superara nunca los RD$50.00. Fue primero escritor antes que pol\u00edtico desde la adolescencia hasta su muerte y un fan\u00e1tico incansable de la lectura que ciego en sus \u00faltimos a\u00f1os se conform\u00f3 con acariciar sus libros y hacerse leer o releer sus t\u00edtulos preferidos?, se\u00f1al\u00f3 Genao.<\/span><\/p>\n<p><span class=\"text1noticias\"> <\/span><\/p>\n<p><span class=\"text1noticias\">Expresaron que tal distinci\u00f3n honrar\u00eda a su familia, sus amigos, a la fundaci\u00f3n que lleva su nombre y a su partido por lo que en esta ocasi\u00f3n aspiran que el primer mandatario complazca en esta ocasi\u00f3n nuestro pedimento.<\/span><\/p>\n<h6> 2009-04-27 21:40:56 <\/h6>\n<p><!--\n<link rel=\"stylesheet\" href=\"css\/bootstrap.min.css\">\n\n\n<ul class=\"pagination\">\n\t    \n\t\n\n<li >\n\t<a href='?page_no=21778'>Previous<\/a>\n\t<\/li>\n\n\n       \n    \n\n<li><a href='?page_no=1'>1<\/a><\/li>\n\n\n\n<li><a href='?page_no=2'>2<\/a><\/li>\n\n\n\n<li><a>...<\/a><\/li>\n\n\n\n<li><a href='?page_no=21777'>21777<\/a><\/li>\n\n\n\n<li><a href='?page_no=21778'>21778<\/a><\/li>\n\n\n\n<li class='active'><a>21779<\/a><\/li>\n\n\n\n<li><a href='?page_no=21780'>21780<\/a><\/li>\n\n\n\n<li><a href='?page_no=21781'>21781<\/a><\/li>\n\n\n\n<li><a>...<\/a><\/li>\n\n\n\n<li><a href='?page_no=22911'>22911<\/a><\/li>\n\n\n\n<li><a href='?page_no=22912'>22912<\/a><\/li>\n\n    \n\t\n\n<li >\n\t<a href='?page_no=21780'>Next<\/a>\n\t<\/li>\n\n\n    \n\n<li><a href='?page_no=22912'>Last &rsaquo;&rsaquo;<\/a><\/li>\n\n<\/ul>\n\n\n--><br \/>\n<\/body><\/p>\n","protected":false},"excerpt":{"rendered":"<p>Santo Domingo.-Directivos de la Fundaci\u00f3n Joaqu\u00edn Balaguer, Inc. y el Partido Reformista Social Cristiano pidieron hoy al Dr. Leonel Fern\u00e1ndez Reyna, Presidente de la Republica el designar la Feria del Libro del pr\u00f3ximo a\u00f1o con el nombre de Joaqu\u00edn Balaguer. Rafael Bello Andino y An\u00edbal P\u00e1ez, Presidente y Director Ejecutivo de la Fundaci\u00f3n, as\u00ed como [&hellip;]<\/p>\n","protected":false},"author":3,"featured_media":0,"comment_status":"open","ping_status":"open","sticky":false,"template":"","format":"standard","meta":{"footnotes":""},"categories":[21],"tags":[],"class_list":["post-70101","post","type-post","status-publish","format-standard","hentry","category-cultura"],"_links":{"self":[{"href":"https:\/\/diariodominicano.com\/index.php?rest_route=\/wp\/v2\/posts\/70101","targetHints":{"allow":["GET"]}}],"collection":[{"href":"https:\/\/diariodominicano.com\/index.php?rest_route=\/wp\/v2\/posts"}],"about":[{"href":"https:\/\/diariodominicano.com\/index.php?rest_route=\/wp\/v2\/types\/post"}],"author":[{"embeddable":true,"href":"https:\/\/diariodominicano.com\/index.php?rest_route=\/wp\/v2\/users\/3"}],"replies":[{"embeddable":true,"href":"https:\/\/diariodominicano.com\/index.php?rest_route=%2Fwp%2Fv2%2Fcomments&post=70101"}],"version-history":[{"count":0,"href":"https:\/\/diariodominicano.com\/index.php?rest_route=\/wp\/v2\/posts\/70101\/revisions"}],"wp:attachment":[{"href":"https:\/\/diariodominicano.com\/index.php?rest_route=%2Fwp%2Fv2%2Fmedia&parent=70101"}],"wp:term":[{"taxonomy":"category","embeddable":true,"href":"https:\/\/diariodominicano.com\/index.php?rest_route=%2Fwp%2Fv2%2Fcategories&post=70101"},{"taxonomy":"post_tag","embeddable":true,"href":"https:\/\/diariodominicano.com\/index.php?rest_route=%2Fwp%2Fv2%2Ftags&post=70101"}],"curies":[{"name":"wp","href":"https:\/\/api.w.org\/{rel}","templated":true}]}}