{"id":70100,"date":"2009-04-27T22:24:02","date_gmt":"2009-04-27T22:24:02","guid":{"rendered":"http:\/\/diariodominicano.ddns.net\/?p=70100"},"modified":"2009-04-27T22:24:02","modified_gmt":"2009-04-27T22:24:02","slug":"cocecyt-organiza-conferencia-sobre-astrofotografia","status":"publish","type":"post","link":"https:\/\/diariodominicano.com\/?p=70100","title":{"rendered":"COCECYT organiza conferencia sobre Astrofotograf\u00eda"},"content":{"rendered":"<p><body><\/p>\n<p><span class=\"text1noticias\">La Consultor\u00eda de Cooperaci\u00f3n, Educaci\u00f3n, Ciencia y Tecnolog\u00eda (COCECYT) y la  Academia de Ciencias de la Rep\u00fablica Dominicana, en el marco de la celebraci\u00f3n del A\u00f1o Internacional de la Astronom\u00eda, tienen el honor de invitar a la conferencia:<\/span><\/p>\n<\/p>\n<p><span class=\"text1noticias\">?Astrofotograf\u00eda, descubriendo el cielo a trav\u00e9s de im\u00e1genes?, a cargo del Ing. Maurice de Castro, miembro de la Sociedad Astron\u00f3mica Dominicana.<\/span><\/p>\n<\/p>\n<p><span class=\"text1noticias\">La astrofotograf\u00eda es una combinaci\u00f3n de t\u00e9cnicas fotogr\u00e1ficas y astron\u00f3micas que permite lograr im\u00e1genes de cuerpos brillantes visibles al ojo humano, asi como de los que no son perceptibles por encontrarse ubicados a millones de a\u00f1os luz de distancia  de nuestro planeta.<\/span><\/p>\n<\/p>\n<p><span class=\"text1noticias\">Mediante la combinaci\u00f3n de estas t\u00e9cnicas, de ciencia y arte, se han descubierto una gran cantidad de cuerpos astron\u00f3micos.<\/span><\/p>\n<\/p>\n<p><span class=\"text1noticias\">El expositor, Maurice de Castro, es ingeniero industrial, consultor de tecnolog\u00eda de la informaci\u00f3n, integrante del grupo fotogr\u00e1fico F64, miembro de la Sociedad Astron\u00f3mica Dominicana, y es la \u00fanica persona en el pa\u00eds dedicada al desarrollo de la astrofotograf\u00eda como experimentaci\u00f3n cient\u00edfica, t\u00e9cnica en la que se ha especializado por mas de  cinco a\u00f1os. Sus im\u00e1genes engalanan la sala del universo del Museo de Historia Natural.<\/span><\/p>\n<\/p>\n<p><span class=\"text1noticias\">La conferencia sobre Astrofotograf\u00eda se llevar\u00e1 a cabo el mi\u00e9rcoles 29 de abril a las 7 de la noche en el sal\u00f3n de conferencias de la Academia de Ciencias de la Rep\u00fablica Dominicana, ubicada en la Calle Las Damas esquina  El Conde, en la Zona Colonial.<\/span><\/p>\n<\/p>\n<h6> 2009-04-27 22:24:02 <\/h6>\n<p><!--\n<link rel=\"stylesheet\" href=\"css\/bootstrap.min.css\">\n\n\n<ul class=\"pagination\">\n\t    \n\t\n\n<li >\n\t<a href='?page_no=21777'>Previous<\/a>\n\t<\/li>\n\n\n       \n    \n\n<li><a href='?page_no=1'>1<\/a><\/li>\n\n\n\n<li><a href='?page_no=2'>2<\/a><\/li>\n\n\n\n<li><a>...<\/a><\/li>\n\n\n\n<li><a href='?page_no=21776'>21776<\/a><\/li>\n\n\n\n<li><a href='?page_no=21777'>21777<\/a><\/li>\n\n\n\n<li class='active'><a>21778<\/a><\/li>\n\n\n\n<li><a href='?page_no=21779'>21779<\/a><\/li>\n\n\n\n<li><a href='?page_no=21780'>21780<\/a><\/li>\n\n\n\n<li><a>...<\/a><\/li>\n\n\n\n<li><a href='?page_no=22911'>22911<\/a><\/li>\n\n\n\n<li><a href='?page_no=22912'>22912<\/a><\/li>\n\n    \n\t\n\n<li >\n\t<a href='?page_no=21779'>Next<\/a>\n\t<\/li>\n\n\n    \n\n<li><a href='?page_no=22912'>Last &rsaquo;&rsaquo;<\/a><\/li>\n\n<\/ul>\n\n\n--><br \/>\n<\/body><\/p>\n","protected":false},"excerpt":{"rendered":"<p>La Consultor\u00eda de Cooperaci\u00f3n, Educaci\u00f3n, Ciencia y Tecnolog\u00eda (COCECYT) y la Academia de Ciencias de la Rep\u00fablica Dominicana, en el marco de la celebraci\u00f3n del A\u00f1o Internacional de la Astronom\u00eda, tienen el honor de invitar a la conferencia: ?Astrofotograf\u00eda, descubriendo el cielo a trav\u00e9s de im\u00e1genes?, a cargo del Ing. Maurice de Castro, miembro de [&hellip;]<\/p>\n","protected":false},"author":3,"featured_media":0,"comment_status":"open","ping_status":"open","sticky":false,"template":"","format":"standard","meta":{"footnotes":""},"categories":[21],"tags":[],"class_list":["post-70100","post","type-post","status-publish","format-standard","hentry","category-cultura"],"_links":{"self":[{"href":"https:\/\/diariodominicano.com\/index.php?rest_route=\/wp\/v2\/posts\/70100","targetHints":{"allow":["GET"]}}],"collection":[{"href":"https:\/\/diariodominicano.com\/index.php?rest_route=\/wp\/v2\/posts"}],"about":[{"href":"https:\/\/diariodominicano.com\/index.php?rest_route=\/wp\/v2\/types\/post"}],"author":[{"embeddable":true,"href":"https:\/\/diariodominicano.com\/index.php?rest_route=\/wp\/v2\/users\/3"}],"replies":[{"embeddable":true,"href":"https:\/\/diariodominicano.com\/index.php?rest_route=%2Fwp%2Fv2%2Fcomments&post=70100"}],"version-history":[{"count":0,"href":"https:\/\/diariodominicano.com\/index.php?rest_route=\/wp\/v2\/posts\/70100\/revisions"}],"wp:attachment":[{"href":"https:\/\/diariodominicano.com\/index.php?rest_route=%2Fwp%2Fv2%2Fmedia&parent=70100"}],"wp:term":[{"taxonomy":"category","embeddable":true,"href":"https:\/\/diariodominicano.com\/index.php?rest_route=%2Fwp%2Fv2%2Fcategories&post=70100"},{"taxonomy":"post_tag","embeddable":true,"href":"https:\/\/diariodominicano.com\/index.php?rest_route=%2Fwp%2Fv2%2Ftags&post=70100"}],"curies":[{"name":"wp","href":"https:\/\/api.w.org\/{rel}","templated":true}]}}