{"id":70099,"date":"2009-04-28T15:31:02","date_gmt":"2009-04-28T15:31:02","guid":{"rendered":"http:\/\/diariodominicano.ddns.net\/?p=70099"},"modified":"2009-04-28T15:31:02","modified_gmt":"2009-04-28T15:31:02","slug":"vuelve-espectaculo-multidisciplinario-teatro-por-un-tubo","status":"publish","type":"post","link":"https:\/\/diariodominicano.com\/?p=70099","title":{"rendered":"Vuelve espect\u00e1culo multidisciplinario Teatro por un tubo"},"content":{"rendered":"<p><body><\/p>\n<p><img decoding=\"async\" src=\"http:\/\/localhost:8080\/img3\/teat.jpg\" \/>  <\/p>\n<p><span class=\"text1noticias\">Del 8 al 31 de mayo se volver\u00e1 a presentar el espect\u00e1culo multidisciplinario ?Teatro por un tubo?, un encuentro multidisciplinario de danza, teatro performance y videoarte, en el que participar\u00e1n 16 artistas dominicanos, bajo la producci\u00f3n del Teatro Guloya.<\/span><\/p>\n<\/p>\n<p><span class=\"text1noticias\">Los viernes, s\u00e1bados y domingos de mayo en horario de 8:30 de la noche, la sede de Guloya se transformar\u00e1 para acoger a los exponentes art\u00edsticos que presentar\u00e1n cada d\u00eda ocho piezas distintas compuestas de teatro, danza, videoarte, danza performance y acciones teatrales, las cuales se ejecutar\u00e1n simult\u00e1neamente en diferentes espacios de la casa del Teatro Guloya.<\/span><\/p>\n<\/p>\n<p><span class=\"text1noticias\">?Teatro por un tubo renueva la experiencia del 2008 que provoc\u00f3 gran aceptaci\u00f3n entre los asistentes, por la calidad de las piezas presentadas, la forma particular de mover al p\u00fablico por el espacio y su caracter\u00edsticas multidisciplinarias?, expresa Viena Gonz\u00e1lez, coordinadora del espect\u00e1culo.<\/span><\/p>\n<\/p>\n<p><span class=\"text1noticias\">En el 2008 el p\u00fablico se mantuvo atento al  bombardeo de im\u00e1genes y a los conceptos y recursos art\u00edsticos tan variados presentados, lo que motiv\u00f3 que ?quisi\u00e9ramos repetir esta experiencia \u00fanica en el pa\u00eds?, expres\u00f3 Gonz\u00e1lez.<\/span><\/p>\n<\/p>\n<p><span class=\"text1noticias\">En la muestra de cuatro fines de semanas estar\u00e1n participando, Orestes Amador,  Hamlet Bodden,  Daym\u00e9 Del Toro,  Viena Gonz\u00e1lez,  Pavel Marcano,  Pascal Meccariello,  Henry Mercedes,  Jochi Mu\u00f1oz,  Edmundo Poy,  Manuel Raposo,  Claudio Rivera,  Judith Rodr\u00edguez,  Maricarmen Rodr\u00edguez,  Vicente Santos,  Isabel Spencer y Francis Taylor.<\/span><\/p>\n<\/p>\n<p><span class=\"text1noticias\">Estos artistas tienen en com\u00fan la b\u00fasqueda y defensa de una est\u00e9tica contempor\u00e1nea particular, el compromiso de brindar al p\u00fablico un arte comprometido con calidad t\u00e9cnica y belleza para conmover los sentidos de todos los espectadores.<\/span><\/p>\n<\/p>\n<p><span class=\"text1noticias\">Se espera que la sede del Teatro Guloya se transforme en un gran escenario donde  cada rinc\u00f3n se transforme por la magia del teatro, ya que las actuaciones se realizar\u00e1n en el \u00e1rea del bar, el escenario, la azotea y en el patio. ?Esta ser\u00e1 una experiencia inolvidable para el p\u00fablico amante del arte?, signific\u00f3 Gonz\u00e1lez. <\/span><\/p>\n<\/p>\n<p><span class=\"text1noticias\">Los primeros dos fines de semana se presentar\u00e1 un programa que cambiar\u00e1 en  los dos \u00faltimos fines de semana de mayo, a\u00f1adiendo tres participaciones nuevas. <\/span><\/p>\n<\/p>\n<p><span class=\"text1noticias\">Del 8 al 10 y del 15 al 17 de mayo se estar\u00e1n presentado Mundo Poy y Daym\u00e9 del Toro, con Sill\u00f3n de Parque; Judith Rodr\u00edguez y Pavel Marcano, con Piezas de las cosas simples; Pascal Mecariello, video; Rutinantes, Los Derechos Henanos; Hamlet Bodden, Quimeras Remix; Orestes Amador, Ejercicio para una gaviota; Guloya, El 28 y Henry Mercedes, Chercha sincronizada.<\/span><\/p>\n<\/p>\n<p><span class=\"text1noticias\">Del 22 al 24 y del 29 al 31 de mayo se estar\u00e1n presentando Maricarmen Rodr\u00edguez, A los pies de mis zapatos; Jochi Mu\u00f1oz, Forever; Hamlet  Bodden, Quimera Remix, Pascal Mecariello, video; Rutinantes, Los Derechos Henanos; Francis Taylor, Errores imperdonables; Guloya, El 28 y Henry Mercedes, Chercha sincronizada.<\/span><\/p>\n<\/p>\n<p><span class=\"text1noticias\">Las presentaciones ser\u00e1n viernes, s\u00e1bados y domingos a las 8 y 30 de la noche en la sede del Teatro en la Arzobispo Portes 205, Zona Colonial. La entrada general es de $400 p\/p. Para m\u00e1s informaci\u00f3n se pueden comunicar al tel\u00e9fono 809- 685-4856 o visitar la p\u00e1gina web de Guloya, www.teatroguloya.org.<\/span><\/p>\n<h6> 2009-04-28 15:31:02 <\/h6>\n<p><!--\n<link rel=\"stylesheet\" href=\"css\/bootstrap.min.css\">\n\n\n<ul class=\"pagination\">\n\t    \n\t\n\n<li >\n\t<a href='?page_no=21776'>Previous<\/a>\n\t<\/li>\n\n\n       \n    \n\n<li><a href='?page_no=1'>1<\/a><\/li>\n\n\n\n<li><a href='?page_no=2'>2<\/a><\/li>\n\n\n\n<li><a>...<\/a><\/li>\n\n\n\n<li><a href='?page_no=21775'>21775<\/a><\/li>\n\n\n\n<li><a href='?page_no=21776'>21776<\/a><\/li>\n\n\n\n<li class='active'><a>21777<\/a><\/li>\n\n\n\n<li><a href='?page_no=21778'>21778<\/a><\/li>\n\n\n\n<li><a href='?page_no=21779'>21779<\/a><\/li>\n\n\n\n<li><a>...<\/a><\/li>\n\n\n\n<li><a href='?page_no=22911'>22911<\/a><\/li>\n\n\n\n<li><a href='?page_no=22912'>22912<\/a><\/li>\n\n    \n\t\n\n<li >\n\t<a href='?page_no=21778'>Next<\/a>\n\t<\/li>\n\n\n    \n\n<li><a href='?page_no=22912'>Last &rsaquo;&rsaquo;<\/a><\/li>\n\n<\/ul>\n\n\n--><br \/>\n<\/body><\/p>\n","protected":false},"excerpt":{"rendered":"<p>Del 8 al 31 de mayo se volver\u00e1 a presentar el espect\u00e1culo multidisciplinario ?Teatro por un tubo?, un encuentro multidisciplinario de danza, teatro performance y videoarte, en el que participar\u00e1n 16 artistas dominicanos, bajo la producci\u00f3n del Teatro Guloya. Los viernes, s\u00e1bados y domingos de mayo en horario de 8:30 de la noche, la sede [&hellip;]<\/p>\n","protected":false},"author":3,"featured_media":0,"comment_status":"open","ping_status":"open","sticky":false,"template":"","format":"standard","meta":{"footnotes":""},"categories":[21],"tags":[],"class_list":["post-70099","post","type-post","status-publish","format-standard","hentry","category-cultura"],"_links":{"self":[{"href":"https:\/\/diariodominicano.com\/index.php?rest_route=\/wp\/v2\/posts\/70099","targetHints":{"allow":["GET"]}}],"collection":[{"href":"https:\/\/diariodominicano.com\/index.php?rest_route=\/wp\/v2\/posts"}],"about":[{"href":"https:\/\/diariodominicano.com\/index.php?rest_route=\/wp\/v2\/types\/post"}],"author":[{"embeddable":true,"href":"https:\/\/diariodominicano.com\/index.php?rest_route=\/wp\/v2\/users\/3"}],"replies":[{"embeddable":true,"href":"https:\/\/diariodominicano.com\/index.php?rest_route=%2Fwp%2Fv2%2Fcomments&post=70099"}],"version-history":[{"count":0,"href":"https:\/\/diariodominicano.com\/index.php?rest_route=\/wp\/v2\/posts\/70099\/revisions"}],"wp:attachment":[{"href":"https:\/\/diariodominicano.com\/index.php?rest_route=%2Fwp%2Fv2%2Fmedia&parent=70099"}],"wp:term":[{"taxonomy":"category","embeddable":true,"href":"https:\/\/diariodominicano.com\/index.php?rest_route=%2Fwp%2Fv2%2Fcategories&post=70099"},{"taxonomy":"post_tag","embeddable":true,"href":"https:\/\/diariodominicano.com\/index.php?rest_route=%2Fwp%2Fv2%2Ftags&post=70099"}],"curies":[{"name":"wp","href":"https:\/\/api.w.org\/{rel}","templated":true}]}}