{"id":70098,"date":"2009-04-28T15:33:41","date_gmt":"2009-04-28T15:33:41","guid":{"rendered":"http:\/\/diariodominicano.ddns.net\/?p=70098"},"modified":"2009-04-28T15:33:41","modified_gmt":"2009-04-28T15:33:41","slug":"jazz-en-dominicana-y-dewars-12-presentan-1era-exposicion-fotografica-los-colores-del-jazz","status":"publish","type":"post","link":"https:\/\/diariodominicano.com\/?p=70098","title":{"rendered":"Jazz en Dominicana y Dewar?s 12 presentan 1era Exposici\u00f3n Fotogr\u00e1fica &#8211; Los Colores del Jazz"},"content":{"rendered":"<p><body><\/p>\n<p><img decoding=\"async\" src=\"http:\/\/localhost:8080\/img3\/gulos.jpg\" \/>  <\/p>\n<p><span class=\"text1noticias\">Jazz en Dominicana y Dewar?s 12 presentan un maridaje entre dos g\u00e9neros culturales, el Jazz y la Fotograf\u00eda durante todo el mes de mayo, a trav\u00e9s de la Exposici\u00f3n Fotogr\u00e1fica \u00a8Los Colores del Jazz\u00a8, donde estar\u00e1n en exhibici\u00f3n exquisitas fotograf\u00edas cuyo tema es el Jazz que se celebra cada mi\u00e9rcoles en el espacio de Jazz en Dominicana en Casa de Teatro.<\/span><\/p>\n<\/p>\n<p><span class=\"text1noticias\">Gracias al patrocinio de Dewar?s 12, la exposici\u00f3n ser\u00e1 inaugurada el mi\u00e9rcoles 29 de abril a las 7:00PM y estar\u00e1 abierta al p\u00fablico hasta el mi\u00e9rcoles 27 de mayo. Y, a partir de las 9:00PM sigue el colorido de la noche con la celebraci\u00f3n del Dewar?s 12 Jazz Jam Session.<\/span><\/p>\n<\/p>\n<p><span class=\"text1noticias\">Fernando Rodriguez De Mondesert, de Jazz en Dominicana dijo que ?El maridaje entre el Jazz y la fotograf\u00eda no es algo nuevo, pues desde los inicios del Jazz artistas del lente han estado captando los mejores momentos de estos incre\u00edbles m\u00fasicos y comparti\u00e9ndolos con el resto del mundo. Luego de un comentario en el Blog de Jazz en Dominicana que dec\u00eda ??Para los que pensamos que la m\u00fasica a veces entra mejor por los ojos, sus palabras invitan a escuchar?? naci\u00f3 la inquietud de realizar un evento en donde la m\u00fasica pudiese ser ?escuchada? a trav\u00e9s de los ojos, gracias a la mag\u00eda de talentosos artistas del lente?.<\/span><\/p>\n<\/p>\n<p><span class=\"text1noticias\">\u00a8Los Colores del Jazz\u00a8 mostrar\u00e1 el \u00a8feeling\u00a8 del g\u00e9nero musical al p\u00fablico por medio de fotograf\u00edas de los m\u00fasicos y vocalistas que participan en el espacio cada mi\u00e9rcoles y permitir\u00e1 a los que visiten la exposici\u00f3n \u00a8ver y sentir\u00a8 las fascinantes notas que estos hacen con sus instrumentos. <\/span><\/p>\n<\/p>\n<p><span class=\"text1noticias\">Fernando coment\u00f3 que ?es un gran honor para nosotros poder contar en esta primera experiencia con un invitado internacional, Ernesto Dos Santos, quien estar\u00e1 exhibiendo algunas de las mejores obras de su colecci\u00f3n ?A Todo Jazz?, la cual se encuentra en estos momentos en The Jazz Gallery en New York y ha sido tra\u00edda para ?Los Colores del Jazz?. Los expositores locales son: Jeffrey Rodr\u00edguez, Iv\u00e1n M\u00e9ndez, Juan De Los Santos, Pedro Genaro Rodr\u00edguez, Fausto Fontana, Henry E. Villeta, Sa\u00fal Santana, Erika Bueno, Melissa Hern\u00e1ndez, Oscar Suazo, Jos\u00e9 Alney Uribe y Pedro Far\u00edas-Nardi. As\u00ed como el tener como curadores a reconocidos artistas del lente como lo son: Mirella Frangella, Yuri Checcucci, Jeffrey Rodr\u00edguez e Iv\u00e1n M\u00e9ndez?. <\/span><\/p>\n<\/p>\n<p><span class=\"text1noticias\">Queremos invitar a todos a este evento que les permitir\u00eda \u00a8ver\u00a8 y \u00a8escuchar\u00a8 la m\u00fasica de los m\u00fasicos a trav\u00e9s de los ojos, gracias a la magia de talentosos artistas del lente. <\/span><\/p>\n<\/p>\n<p><span class=\"text1noticias\">Actividades:<\/span><\/p>\n<p><span class=\"text1noticias\">Temas: \t1.- Exposici\u00f3n Fotogr\u00e1fica ? Los Colores del Jazz<\/span><\/p>\n<p><span class=\"text1noticias\">\t\t2.- Dewar?s 12 Jazz Jam Session<\/span><\/p>\n<p><span class=\"text1noticias\">Invita: \t\tJazz en Dominicana y Dewar?s 12 <\/span><\/p>\n<p><span class=\"text1noticias\">Fecha: \t\tMi\u00e9rcoles 29 de Abril del 2009 <\/span><\/p>\n<p><span class=\"text1noticias\">Lugar: \t\tCasa de Teatro <\/span><\/p>\n<p><span class=\"text1noticias\">Hora: \t\t7:00p.m. y  9:00p.m.<\/span><\/p>\n<p><span class=\"text1noticias\">Precio: \tEntrada GRATIS<\/span><\/p>\n<\/p>\n<p><span class=\"text1noticias\">Jazz en Dominicana nace en Octubre del 2006 y desde entonces ha desarrollado una labor de promoci\u00f3n sobre nuestros m\u00fasicos en el g\u00e9nero del Jazz. El blog (http:\/\/jazzendominicana.blogspot.com) ha difundido, en sus m\u00e1s de 330 art\u00edculos: rese\u00f1as de conciertos y festivales, entrevistas, biograf\u00edas, fotograf\u00edas y m\u00e1s sobre lo que cari\u00f1osamente denominan \u00a8los m\u00fasicos del patio\u00a8. Escribiendo con respeto, altura, eficacia y consistencia; tratan de hacerlo bien y siempre con pasi\u00f3n. De esta iniciativa naci\u00f3 el espacio de Jazz en Dominicana en Casa de Teatro, el cual lleva m\u00e1s de 18 meses brind\u00e1ndole al p\u00fablico que asiste mi\u00e9rcoles tras mi\u00e9rcoles una original programaci\u00f3n de Jazz en vivo realizado por nuestros m\u00fasicos. Por medio de la p\u00e1gina y el espacio aportan a la cultura en nuestro pa\u00eds. <\/span><\/p>\n<h6> 2009-04-28 15:33:41 <\/h6>\n<p><!--\n<link rel=\"stylesheet\" href=\"css\/bootstrap.min.css\">\n\n\n<ul class=\"pagination\">\n\t    \n\t\n\n<li >\n\t<a href='?page_no=21775'>Previous<\/a>\n\t<\/li>\n\n\n       \n    \n\n<li><a href='?page_no=1'>1<\/a><\/li>\n\n\n\n<li><a href='?page_no=2'>2<\/a><\/li>\n\n\n\n<li><a>...<\/a><\/li>\n\n\n\n<li><a href='?page_no=21774'>21774<\/a><\/li>\n\n\n\n<li><a href='?page_no=21775'>21775<\/a><\/li>\n\n\n\n<li class='active'><a>21776<\/a><\/li>\n\n\n\n<li><a href='?page_no=21777'>21777<\/a><\/li>\n\n\n\n<li><a href='?page_no=21778'>21778<\/a><\/li>\n\n\n\n<li><a>...<\/a><\/li>\n\n\n\n<li><a href='?page_no=22911'>22911<\/a><\/li>\n\n\n\n<li><a href='?page_no=22912'>22912<\/a><\/li>\n\n    \n\t\n\n<li >\n\t<a href='?page_no=21777'>Next<\/a>\n\t<\/li>\n\n\n    \n\n<li><a href='?page_no=22912'>Last &rsaquo;&rsaquo;<\/a><\/li>\n\n<\/ul>\n\n\n--><br \/>\n<\/body><\/p>\n","protected":false},"excerpt":{"rendered":"<p>Jazz en Dominicana y Dewar?s 12 presentan un maridaje entre dos g\u00e9neros culturales, el Jazz y la Fotograf\u00eda durante todo el mes de mayo, a trav\u00e9s de la Exposici\u00f3n Fotogr\u00e1fica \u00a8Los Colores del Jazz\u00a8, donde estar\u00e1n en exhibici\u00f3n exquisitas fotograf\u00edas cuyo tema es el Jazz que se celebra cada mi\u00e9rcoles en el espacio de Jazz [&hellip;]<\/p>\n","protected":false},"author":3,"featured_media":0,"comment_status":"open","ping_status":"open","sticky":false,"template":"","format":"standard","meta":{"footnotes":""},"categories":[21],"tags":[],"class_list":["post-70098","post","type-post","status-publish","format-standard","hentry","category-cultura"],"_links":{"self":[{"href":"https:\/\/diariodominicano.com\/index.php?rest_route=\/wp\/v2\/posts\/70098","targetHints":{"allow":["GET"]}}],"collection":[{"href":"https:\/\/diariodominicano.com\/index.php?rest_route=\/wp\/v2\/posts"}],"about":[{"href":"https:\/\/diariodominicano.com\/index.php?rest_route=\/wp\/v2\/types\/post"}],"author":[{"embeddable":true,"href":"https:\/\/diariodominicano.com\/index.php?rest_route=\/wp\/v2\/users\/3"}],"replies":[{"embeddable":true,"href":"https:\/\/diariodominicano.com\/index.php?rest_route=%2Fwp%2Fv2%2Fcomments&post=70098"}],"version-history":[{"count":0,"href":"https:\/\/diariodominicano.com\/index.php?rest_route=\/wp\/v2\/posts\/70098\/revisions"}],"wp:attachment":[{"href":"https:\/\/diariodominicano.com\/index.php?rest_route=%2Fwp%2Fv2%2Fmedia&parent=70098"}],"wp:term":[{"taxonomy":"category","embeddable":true,"href":"https:\/\/diariodominicano.com\/index.php?rest_route=%2Fwp%2Fv2%2Fcategories&post=70098"},{"taxonomy":"post_tag","embeddable":true,"href":"https:\/\/diariodominicano.com\/index.php?rest_route=%2Fwp%2Fv2%2Ftags&post=70098"}],"curies":[{"name":"wp","href":"https:\/\/api.w.org\/{rel}","templated":true}]}}