{"id":70097,"date":"2009-04-28T16:47:02","date_gmt":"2009-04-28T16:47:02","guid":{"rendered":"http:\/\/diariodominicano.ddns.net\/?p=70097"},"modified":"2009-04-28T16:47:02","modified_gmt":"2009-04-28T16:47:02","slug":"colegio-saint-patrick-celebra-feria-del-libro-infantil","status":"publish","type":"post","link":"https:\/\/diariodominicano.com\/?p=70097","title":{"rendered":"Colegio Saint Patrick celebra Feria del Libro Infantil"},"content":{"rendered":"<p><body><\/p>\n<p><img decoding=\"async\" src=\"img3\/maris.jpg\" \/>  <\/p>\n<p><span class=\"text1noticias\">El Colegio Saint Patrick  aprovechando la realizaci\u00f3n de la XII Feria Internacional del Libro, que este a\u00f1o esta dedicada a la memoria del profesor Juan Bosch, celebr\u00f3 en sus instalaciones la Feria del Libro Infantil, que incluy\u00f3 una olimpiada de lectura.<\/span><\/p>\n<\/p>\n<p><span class=\"text1noticias\">La licenciada Maril\u00fa Bobadilla de Villanueva, directora general del centro educativo explic\u00f3 que por segundo a\u00f1o consecutivo celebraron la feria de libros ?The Scholastic Books Fair? en esta ocasi\u00f3n con el tema ?Safari? para promover la preservaci\u00f3n del medio ambiente y la protecci\u00f3n de los animales.<\/span><\/p>\n<\/p>\n<p><span class=\"text1noticias\">Durante la feria los estudiantes del  nivel b\u00e1sico participaron en una olimpiada de lectura organizada por la editora ?Scholastic? que puso a disposici\u00f3n de toda la comunidad estudiantil una vasta variedad de libros de lectura  infantil, que permiti\u00f3 a los participantes en la olimpiada escoger su tema preferido.<\/span><\/p>\n<\/p>\n<p><span class=\"text1noticias\">La directora general del Saint Patrick  precis\u00f3 que con la feria de Libros persiguen continuar apoyando la importancia del h\u00e1bito de la lectura, el cual debemos seguir en los alumnos, ya que ha descendido mucho en la poblaci\u00f3n estudiantil el inter\u00e9s por la lectura.<\/span><\/p>\n<\/p>\n<p><span class=\"text1noticias\">El Colegio Saint Patrick  incentiva a sus estudiantes a trav\u00e9s de diferentes actividades el inter\u00e9s por  los libros bajo el slogan ?Hagamos de la lectura un evento diario en nuestros hogares?. <\/span><\/p>\n<h6> 2009-04-28 16:47:02 <\/h6>\n<p><!--\n<link rel=\"stylesheet\" href=\"css\/bootstrap.min.css\">\n\n\n<ul class=\"pagination\">\n\t    \n\t\n\n<li >\n\t<a href='?page_no=21774'>Previous<\/a>\n\t<\/li>\n\n\n       \n    \n\n<li><a href='?page_no=1'>1<\/a><\/li>\n\n\n\n<li><a href='?page_no=2'>2<\/a><\/li>\n\n\n\n<li><a>...<\/a><\/li>\n\n\n\n<li><a href='?page_no=21773'>21773<\/a><\/li>\n\n\n\n<li><a href='?page_no=21774'>21774<\/a><\/li>\n\n\n\n<li class='active'><a>21775<\/a><\/li>\n\n\n\n<li><a href='?page_no=21776'>21776<\/a><\/li>\n\n\n\n<li><a href='?page_no=21777'>21777<\/a><\/li>\n\n\n\n<li><a>...<\/a><\/li>\n\n\n\n<li><a href='?page_no=22911'>22911<\/a><\/li>\n\n\n\n<li><a href='?page_no=22912'>22912<\/a><\/li>\n\n    \n\t\n\n<li >\n\t<a href='?page_no=21776'>Next<\/a>\n\t<\/li>\n\n\n    \n\n<li><a href='?page_no=22912'>Last &rsaquo;&rsaquo;<\/a><\/li>\n\n<\/ul>\n\n\n--><br \/>\n<\/body><\/p>\n","protected":false},"excerpt":{"rendered":"<p>El Colegio Saint Patrick aprovechando la realizaci\u00f3n de la XII Feria Internacional del Libro, que este a\u00f1o esta dedicada a la memoria del profesor Juan Bosch, celebr\u00f3 en sus instalaciones la Feria del Libro Infantil, que incluy\u00f3 una olimpiada de lectura. La licenciada Maril\u00fa Bobadilla de Villanueva, directora general del centro educativo explic\u00f3 que por [&hellip;]<\/p>\n","protected":false},"author":3,"featured_media":0,"comment_status":"open","ping_status":"open","sticky":false,"template":"","format":"standard","meta":{"footnotes":""},"categories":[21],"tags":[],"class_list":["post-70097","post","type-post","status-publish","format-standard","hentry","category-cultura"],"_links":{"self":[{"href":"https:\/\/diariodominicano.com\/index.php?rest_route=\/wp\/v2\/posts\/70097","targetHints":{"allow":["GET"]}}],"collection":[{"href":"https:\/\/diariodominicano.com\/index.php?rest_route=\/wp\/v2\/posts"}],"about":[{"href":"https:\/\/diariodominicano.com\/index.php?rest_route=\/wp\/v2\/types\/post"}],"author":[{"embeddable":true,"href":"https:\/\/diariodominicano.com\/index.php?rest_route=\/wp\/v2\/users\/3"}],"replies":[{"embeddable":true,"href":"https:\/\/diariodominicano.com\/index.php?rest_route=%2Fwp%2Fv2%2Fcomments&post=70097"}],"version-history":[{"count":0,"href":"https:\/\/diariodominicano.com\/index.php?rest_route=\/wp\/v2\/posts\/70097\/revisions"}],"wp:attachment":[{"href":"https:\/\/diariodominicano.com\/index.php?rest_route=%2Fwp%2Fv2%2Fmedia&parent=70097"}],"wp:term":[{"taxonomy":"category","embeddable":true,"href":"https:\/\/diariodominicano.com\/index.php?rest_route=%2Fwp%2Fv2%2Fcategories&post=70097"},{"taxonomy":"post_tag","embeddable":true,"href":"https:\/\/diariodominicano.com\/index.php?rest_route=%2Fwp%2Fv2%2Ftags&post=70097"}],"curies":[{"name":"wp","href":"https:\/\/api.w.org\/{rel}","templated":true}]}}