{"id":70096,"date":"2009-04-28T16:48:17","date_gmt":"2009-04-28T16:48:17","guid":{"rendered":"http:\/\/diariodominicano.ddns.net\/?p=70096"},"modified":"2009-04-28T16:48:17","modified_gmt":"2009-04-28T16:48:17","slug":"cultura-declara-gloria-nacional-de-la-cancion-popular-a-sonia-silvestre","status":"publish","type":"post","link":"https:\/\/diariodominicano.com\/?p=70096","title":{"rendered":"Cultura declara ?Gloria Nacional de la Canci\u00f3n Popular? a  Sonia Silvestre"},"content":{"rendered":"<p><body><\/p>\n<p><img decoding=\"async\" src=\"http:\/\/localhost:8080\/img3\/soni.jpg\" \/>  <\/p>\n<p><span class=\"text1noticias\">En un inolvidable y emocionante espect\u00e1culo,  la Secretar\u00eda de Estado de Cultura declar\u00f3 a la legendaria cantante Sonia Silvestre \u00abGloria Nacional de la Canci\u00f3n Popular\u00bb.  La actividad cultural se desarroll\u00f3 en la Sala Principal del Teatro Nacional Eduardo Brito, dentro de la celebraci\u00f3n XII Feria Internacional del Libro Santo Domingo 2009.   <\/span><\/p>\n<p><span class=\"text1noticias\"> <\/span><\/p>\n<p><span class=\"text1noticias\">La entrega del diploma de honor que reconoce la labor art\u00edstica de la homenajeada est\u00e1 amparado en la ley 41-00 y con el aval del Consejo Nacional de Cultura.<\/span><\/p>\n<p><span class=\"text1noticias\"> <\/span><\/p>\n<p><span class=\"text1noticias\">La artista del canto recibi\u00f3 el importante y significativo galard\u00f3n de parte de una comisi\u00f3n de la SEC, integrada por el licenciado Alejandro Arvelo, Director General de la Feria del Libro; Alexander Santana, Subsecretario Administrativo, y Mateo Morrison, Subsecretario de Desarrollo Institucional.<\/span><\/p>\n<p><span class=\"text1noticias\"> <\/span><\/p>\n<p><span class=\"text1noticias\">Silvestre agradeci\u00f3 el gesto mostrado por la Secretar\u00eda de Estado de Cultura, por la entrega de un reconocimiento que se traduce en recuento que define su trayectoria de cuarenta a\u00f1os en el mundo art\u00edstico. <\/span><\/p>\n<p><span class=\"text1noticias\"> <\/span><\/p>\n<p><span class=\"text1noticias\">Previo a la entrega del galard\u00f3n, una selecci\u00f3n de cantantes y m\u00fasicos, dirigidos por los maestros V\u00edctor y Jorge Taveras, conjugaron sus talentos y voces para interpretar un derroche de canciones rom\u00e1nticas plasmadas de amor y significativos recuerdos.<\/span><\/p>\n<p><span class=\"text1noticias\"> <\/span><\/p>\n<p><span class=\"text1noticias\">Entre los artistas que respaldaron a Sonia Silvestre en su gran noche, figuran Jacquelinne Est\u00e9vez, quien inici\u00f3 el espect\u00e1culo  con la interpretaci\u00f3n del tema \u00abSi pienso en nuestras canciones que hablan de amores\u00bb ; desde Brasil, cabe destacar la presencia de la cantante Kenia Liranzo, quien interpret\u00f3 el tema titulado \u00abQue ser\u00e1 de ti\u00bb.  <\/span><\/p>\n<p><span class=\"text1noticias\"> <\/span><\/p>\n<p><span class=\"text1noticias\">Tambi\u00e9n deleitaron a la homenajeada y al p\u00fablico presente los artistas Anahay, Patricia Pereira, Jos\u00e9 Antonio Rodr\u00edguez, Xiomara Fortuna, Cahyao, Claudio Coh\u00e9n, V\u00edctor V\u00edctor, Manuel Jim\u00e9nez, Vickiana, Audrey Campos y Lenny Abreu.  Tambi\u00e9n actu\u00f3 la Sociedad Coral Dominicana, bajo la direcci\u00f3n de Mayra Peguero.<\/span><\/p>\n<p><span class=\"text1noticias\"> <\/span><\/p>\n<p><span class=\"text1noticias\">Como una forma de expresar las gracias a sus colegas cantantes, m\u00fasicos y amigos, Silvestre interpret\u00f3 la canci\u00f3n titulada \u00abGracias a la Vida\u00bb, de autor\u00eda de la cantante Violeta Parra.<\/span><\/p>\n<h6> 2009-04-28 16:48:17 <\/h6>\n<p><!--\n<link rel=\"stylesheet\" href=\"css\/bootstrap.min.css\">\n\n\n<ul class=\"pagination\">\n\t    \n\t\n\n<li >\n\t<a href='?page_no=21773'>Previous<\/a>\n\t<\/li>\n\n\n       \n    \n\n<li><a href='?page_no=1'>1<\/a><\/li>\n\n\n\n<li><a href='?page_no=2'>2<\/a><\/li>\n\n\n\n<li><a>...<\/a><\/li>\n\n\n\n<li><a href='?page_no=21772'>21772<\/a><\/li>\n\n\n\n<li><a href='?page_no=21773'>21773<\/a><\/li>\n\n\n\n<li class='active'><a>21774<\/a><\/li>\n\n\n\n<li><a href='?page_no=21775'>21775<\/a><\/li>\n\n\n\n<li><a href='?page_no=21776'>21776<\/a><\/li>\n\n\n\n<li><a>...<\/a><\/li>\n\n\n\n<li><a href='?page_no=22911'>22911<\/a><\/li>\n\n\n\n<li><a href='?page_no=22912'>22912<\/a><\/li>\n\n    \n\t\n\n<li >\n\t<a href='?page_no=21775'>Next<\/a>\n\t<\/li>\n\n\n    \n\n<li><a href='?page_no=22912'>Last &rsaquo;&rsaquo;<\/a><\/li>\n\n<\/ul>\n\n\n--><br \/>\n<\/body><\/p>\n","protected":false},"excerpt":{"rendered":"<p>En un inolvidable y emocionante espect\u00e1culo, la Secretar\u00eda de Estado de Cultura declar\u00f3 a la legendaria cantante Sonia Silvestre \u00abGloria Nacional de la Canci\u00f3n Popular\u00bb. La actividad cultural se desarroll\u00f3 en la Sala Principal del Teatro Nacional Eduardo Brito, dentro de la celebraci\u00f3n XII Feria Internacional del Libro Santo Domingo 2009. La entrega del diploma [&hellip;]<\/p>\n","protected":false},"author":3,"featured_media":0,"comment_status":"open","ping_status":"open","sticky":false,"template":"","format":"standard","meta":{"footnotes":""},"categories":[21],"tags":[],"class_list":["post-70096","post","type-post","status-publish","format-standard","hentry","category-cultura"],"_links":{"self":[{"href":"https:\/\/diariodominicano.com\/index.php?rest_route=\/wp\/v2\/posts\/70096","targetHints":{"allow":["GET"]}}],"collection":[{"href":"https:\/\/diariodominicano.com\/index.php?rest_route=\/wp\/v2\/posts"}],"about":[{"href":"https:\/\/diariodominicano.com\/index.php?rest_route=\/wp\/v2\/types\/post"}],"author":[{"embeddable":true,"href":"https:\/\/diariodominicano.com\/index.php?rest_route=\/wp\/v2\/users\/3"}],"replies":[{"embeddable":true,"href":"https:\/\/diariodominicano.com\/index.php?rest_route=%2Fwp%2Fv2%2Fcomments&post=70096"}],"version-history":[{"count":0,"href":"https:\/\/diariodominicano.com\/index.php?rest_route=\/wp\/v2\/posts\/70096\/revisions"}],"wp:attachment":[{"href":"https:\/\/diariodominicano.com\/index.php?rest_route=%2Fwp%2Fv2%2Fmedia&parent=70096"}],"wp:term":[{"taxonomy":"category","embeddable":true,"href":"https:\/\/diariodominicano.com\/index.php?rest_route=%2Fwp%2Fv2%2Fcategories&post=70096"},{"taxonomy":"post_tag","embeddable":true,"href":"https:\/\/diariodominicano.com\/index.php?rest_route=%2Fwp%2Fv2%2Ftags&post=70096"}],"curies":[{"name":"wp","href":"https:\/\/api.w.org\/{rel}","templated":true}]}}