{"id":70095,"date":"2009-04-28T18:02:57","date_gmt":"2009-04-28T18:02:57","guid":{"rendered":"http:\/\/diariodominicano.ddns.net\/?p=70095"},"modified":"2009-04-28T18:02:57","modified_gmt":"2009-04-28T18:02:57","slug":"abren-en-apec-exposicion-un-nido-de-colores","status":"publish","type":"post","link":"https:\/\/diariodominicano.com\/?p=70095","title":{"rendered":"Abren en APEC exposici\u00f3n ?Un Nido de Colores?&#13;"},"content":{"rendered":"<p><body><\/p>\n<p><img decoding=\"async\" src=\"http:\/\/localhost:8080\/img3\/artez.jpg\" \/>  <\/p>\n<p><span class=\"text1noticias\">El programa APEC Cultural y la Asociaci\u00f3n Dominicana de Cr\u00edticos de Arte presentaron la exposici\u00f3n ?Un nido de colores?, la cual consta de 25 obras en diferentes formatos y t\u00e9cnicas, en las que predominan el \u00f3leo y la acr\u00edlica.<\/span><\/p>\n<p><span class=\"text1noticias\"> <\/span><\/p>\n<p><span class=\"text1noticias\">La actividad fue inaugurada este lunes 27 de abril en la sala de exposiciones del Programa APEC Cultural, y estar\u00e1 abierta al p\u00fablico hasta el 7 de mayo, en horarios de 8 de la ma\u00f1ana a 5 de la tarde.<\/span><\/p>\n<p><span class=\"text1noticias\"> <\/span><\/p>\n<p><span class=\"text1noticias\">En el acto de inauguraci\u00f3n de la exposici\u00f3n hablaron el arquitecto C\u00e9sar Iv\u00e1n Feris Iglesias, presidente del Programa APEC Cultural y Myrna Guerrero, miembro de la Asociaci\u00f3n de Cr\u00edticos de Arte.<\/span><\/p>\n<p><span class=\"text1noticias\"> <\/span><\/p>\n<p><span class=\"text1noticias\">Las obras son de las autor\u00edas de Evelyn Lima Rivas, Nancy Lluberes, Fernelis Ferreras, Jos\u00e9 Pelletier, Lucas Pe\u00f1a, Dustin Mu\u00f1oz y Manuel Toribio.<\/span><\/p>\n<p><span class=\"text1noticias\"> <\/span><\/p>\n<p><span class=\"text1noticias\">Evelyn Lima Rivas es licenciada en teor\u00eda y cr\u00edtica de arte por la Universidad Aut\u00f3noma de Santo Domingo. En la Escuela Nacional de Bellas Artes realiz\u00f3 estudios de postgrado en artes pl\u00e1sticas, menci\u00f3n pintura.<\/span><\/p>\n<p><span class=\"text1noticias\"> <\/span><\/p>\n<p><span class=\"text1noticias\">Nancy Lluberes naci\u00f3 en Santo Domingo, Rep\u00fablica Dominicana. Es egresada de la Escuela Nacional de Bellas Artes (hoy Escuela Nacional de Artes Visuales, ENAV), 1988-1994,  y de la Universidad Aut\u00f3noma de Santo Domingo (UASD).<\/span><\/p>\n<p><span class=\"text1noticias\"> <\/span><\/p>\n<p><span class=\"text1noticias\">Fernelis Ferreras naci\u00f3 en Las Matas de Farf\u00e1n, Rep\u00fablica Dominicana. En 1985 ingres\u00f3 a la Escuela Nacional de Bellas Artes, donde inicia sus estudios de Artes Pl\u00e1sticas y realiz\u00f3 una especialidad en la categor\u00eda de Pintura.<\/span><\/p>\n<p><span class=\"text1noticias\"> <\/span><\/p>\n<p><span class=\"text1noticias\">Jos\u00e9 Pelletier estudi\u00f3 artes pl\u00e1sticas en la Escuela de Bellas Artes de San Crist\u00f3bal y en la Escuela Nacional de Artes Visuales de Santo Domingo, donde realiz\u00f3 una separaci\u00f3n de campo en Dibujo. Es profesor de Educaci\u00f3n Art\u00edstica en la Escuela de Formaci\u00f3n de Maestro del Instituto Polit\u00e9cnico Loyola de San Crist\u00f3bal y de la ENAV. <\/span><\/p>\n<p><span class=\"text1noticias\"> <\/span><\/p>\n<p><span class=\"text1noticias\">Lucas Pe\u00f1a naci\u00f3 en Puerto Plata, el 18 de octubre de 1959. En 1985 inici\u00f3 sus estudios en la Escuela Nacional de Bellas Artes, donde obtuvo varios galardones, entre ellos el primer premio de escultura y de grabado I y el tercer premio en pintura. <\/span><\/p>\n<p><span class=\"text1noticias\"> <\/span><\/p>\n<p><span class=\"text1noticias\">Dustin Mu\u00f1oz naci\u00f3 en Loma de Cabrera, es egresado de la Escuela Nacional de Artes Visuales con Separaci\u00f3n de Campo en Dibujo. Licenciado en filosof\u00eda, Magna cum laude, de la Universidad Aut\u00f3noma de Santo Domingo. En la actualidad est\u00e1 cursando un doctorado en filosof\u00eda en la Universidad del Pa\u00eds Vasco.<\/span><\/p>\n<p><span class=\"text1noticias\"> <\/span><\/p>\n<p><span class=\"text1noticias\">Manuel Toribio naci\u00f3 en agosto de 1966, en Villa Bison\u00f3 (Navarrete). Estudi\u00f3 dise\u00f1o gr\u00e1fico, rotulaci\u00f3n y pendolismo en la Escuela Taller de Arte Jaime Colson.  Luego estudi\u00f3 artes pl\u00e1sticas en la Escuela Nacional de Artes Visuales con Separaci\u00f3n de Campo en Dibujo. <\/span><\/p>\n<h6> 2009-04-28 18:02:57 <\/h6>\n<p><!--\n<link rel=\"stylesheet\" href=\"css\/bootstrap.min.css\">\n\n\n<ul class=\"pagination\">\n\t    \n\t\n\n<li >\n\t<a href='?page_no=21772'>Previous<\/a>\n\t<\/li>\n\n\n       \n    \n\n<li><a href='?page_no=1'>1<\/a><\/li>\n\n\n\n<li><a href='?page_no=2'>2<\/a><\/li>\n\n\n\n<li><a>...<\/a><\/li>\n\n\n\n<li><a href='?page_no=21771'>21771<\/a><\/li>\n\n\n\n<li><a href='?page_no=21772'>21772<\/a><\/li>\n\n\n\n<li class='active'><a>21773<\/a><\/li>\n\n\n\n<li><a href='?page_no=21774'>21774<\/a><\/li>\n\n\n\n<li><a href='?page_no=21775'>21775<\/a><\/li>\n\n\n\n<li><a>...<\/a><\/li>\n\n\n\n<li><a href='?page_no=22911'>22911<\/a><\/li>\n\n\n\n<li><a href='?page_no=22912'>22912<\/a><\/li>\n\n    \n\t\n\n<li >\n\t<a href='?page_no=21774'>Next<\/a>\n\t<\/li>\n\n\n    \n\n<li><a href='?page_no=22912'>Last &rsaquo;&rsaquo;<\/a><\/li>\n\n<\/ul>\n\n\n--><br \/>\n<\/body><\/p>\n","protected":false},"excerpt":{"rendered":"<p>El programa APEC Cultural y la Asociaci\u00f3n Dominicana de Cr\u00edticos de Arte presentaron la exposici\u00f3n ?Un nido de colores?, la cual consta de 25 obras en diferentes formatos y t\u00e9cnicas, en las que predominan el \u00f3leo y la acr\u00edlica. La actividad fue inaugurada este lunes 27 de abril en la sala de exposiciones del Programa [&hellip;]<\/p>\n","protected":false},"author":3,"featured_media":0,"comment_status":"open","ping_status":"open","sticky":false,"template":"","format":"standard","meta":{"footnotes":""},"categories":[21],"tags":[],"class_list":["post-70095","post","type-post","status-publish","format-standard","hentry","category-cultura"],"_links":{"self":[{"href":"https:\/\/diariodominicano.com\/index.php?rest_route=\/wp\/v2\/posts\/70095","targetHints":{"allow":["GET"]}}],"collection":[{"href":"https:\/\/diariodominicano.com\/index.php?rest_route=\/wp\/v2\/posts"}],"about":[{"href":"https:\/\/diariodominicano.com\/index.php?rest_route=\/wp\/v2\/types\/post"}],"author":[{"embeddable":true,"href":"https:\/\/diariodominicano.com\/index.php?rest_route=\/wp\/v2\/users\/3"}],"replies":[{"embeddable":true,"href":"https:\/\/diariodominicano.com\/index.php?rest_route=%2Fwp%2Fv2%2Fcomments&post=70095"}],"version-history":[{"count":0,"href":"https:\/\/diariodominicano.com\/index.php?rest_route=\/wp\/v2\/posts\/70095\/revisions"}],"wp:attachment":[{"href":"https:\/\/diariodominicano.com\/index.php?rest_route=%2Fwp%2Fv2%2Fmedia&parent=70095"}],"wp:term":[{"taxonomy":"category","embeddable":true,"href":"https:\/\/diariodominicano.com\/index.php?rest_route=%2Fwp%2Fv2%2Fcategories&post=70095"},{"taxonomy":"post_tag","embeddable":true,"href":"https:\/\/diariodominicano.com\/index.php?rest_route=%2Fwp%2Fv2%2Ftags&post=70095"}],"curies":[{"name":"wp","href":"https:\/\/api.w.org\/{rel}","templated":true}]}}