{"id":70093,"date":"2009-04-28T21:17:07","date_gmt":"2009-04-28T21:17:07","guid":{"rendered":"http:\/\/diariodominicano.ddns.net\/?p=70093"},"modified":"2009-04-28T21:17:07","modified_gmt":"2009-04-28T21:17:07","slug":"una-calle-en-honor-a-euclides-gutierrez-felix-en-la-feria-del-libro","status":"publish","type":"post","link":"https:\/\/diariodominicano.com\/?p=70093","title":{"rendered":"Una calle en honor a Euclides Guti\u00e9rrez F\u00e9lix en la Feria del Libro"},"content":{"rendered":"<p><body><\/p>\n<p><img decoding=\"async\" src=\"http:\/\/localhost:8080\/img3\/euki.jpg\" \/>  <\/p>\n<p><span class=\"text1noticias\">El historiador y pol\u00edtico dominicano Euclides Guti\u00e9rrez F\u00e9lix recibi\u00f3 de manos del Secretario de Estado de Cultura, Jos\u00e9 Rafael Lantigua y del Director General de la Feria del Libro, Alejandro Arvelo, el pergamino que le asigna con su nombre a una de las calles de la Plaza de la cultura Juan Pablo Duarte, ubicada frente al Museo del Hombre Dominicano.<\/span><\/p>\n<\/p>\n<p><span class=\"text1noticias\">Este homenaje se ofrece dentro del programa de actividades de la XII Feria Internacional del Libro, Santo Domingo 2009, en las que se les rinde tributo durante un a\u00f1o a importantes figuras literarias del pa\u00eds.<\/span><\/p>\n<\/p>\n<p><span class=\"text1noticias\">Adem\u00e1s de Guti\u00e9rrez F\u00e9lix el acto cont\u00f3 con la asistencia de distinguidas personalidades entre ellos el general retirado H\u00e9ctor Lachapelle D\u00edaz, Jes\u00fas de la Rosa, Gladys Guti\u00e9rrez, Flavia Guzm\u00e1n, Luis de Le\u00f3n, Arlette Fern\u00e1ndez, Di\u00f3medes N\u00fa\u00f1ez Polanco el embajador de Cuba en el pa\u00eds, Juan Astiasar\u00e1n, entre otros.<\/span><\/p>\n<\/p>\n<p><span class=\"text1noticias\">Alejandro Arvelo al dar las palabras de bienvenida manifest\u00f3 que Euclides Guti\u00e9rrez F\u00e9lix no solo ha fundado instituciones, sino tambi\u00e9n se ha jugado la piel defendiendo sus ideas y ha empu\u00f1ado las armas cuando ha sido preciso para defender la Patria herida.<\/span><\/p>\n<\/p>\n<p><span class=\"text1noticias\">?No pod\u00eda ser menos, que en un espacio como este, mientras vuelan las palomas que simbolizan la libertad frente al Museo del Hombre Dominicano y teniendo la bandera como marco de este acto sencillo pero lleno de significaci\u00f3n. Firmes como las manos de Lemba, enhiesto como la cruz que en sus manos tiene Bartolom\u00e9 de las Casas, vertical ayer, hoy y siempre, as\u00ed es don Euclides Guti\u00e9rrez F\u00e9lix, a esas condiciones, a su obra, a su trayectoria vital y profesional rinde homenaje el equipo de trabajo de la Secretar\u00eda de Estado de Cultura?, resalt\u00f3 el director de la Feria del Libro.<\/span><\/p>\n<\/p>\n<p><span class=\"text1noticias\">Luego Euclides Guti\u00e9rrez F\u00e9lix al pronunciar las palabras de gratitud expres\u00f3 que ?me siento m\u00e1s que honrado de este homenaje inmerecido porque lo \u00fanico que he hecho con verdadera vocaci\u00f3n de sacrificio desde la adolescencia hasta la edad que tengo es tratar de ayudar ense\u00f1ando a elevar el nivel educativo, de comprensi\u00f3n y de conocimiento del pueblo dominicano, porque pueblo que sabe y que aprende no puedo ser jam\u00e1s un pueblo esclavo ni f\u00e1cil de manejar, sino ser\u00e1 siempre un pueblo lleno de orgullo y lleno de dignidad?.<\/span><\/p>\n<\/p>\n<p><span class=\"text1noticias\">Resalt\u00f3 que en una ocasi\u00f3n Fidel Castro calific\u00f3 a este pueblo como un pueblo legendario, veterano de la historia y la vid del caribe, porque no hab\u00eda en la historia de Am\u00e9rica una naci\u00f3n que hubiese luchado m\u00e1s por su identidad, por los matices de su personalidad y por el derecho a la vida y por convertirse en una sociedad justa y equitativa para todos los dominicanos. ?Este homenaje es tal vez el m\u00e1s emotivo y el m\u00e1s importante de mi vida?, expres\u00f3 el historiador.<\/span><\/p>\n<\/p>\n<p><span class=\"text1noticias\">En el acto de designaci\u00f3n de la calle en honor a Euclides Guti\u00e9rrez F\u00e9lix el liceo Argentina fue la instituci\u00f3n educativa invitada de la ocasi\u00f3n.<\/span><\/p>\n<h6> 2009-04-28 21:17:07 <\/h6>\n<p><!--\n<link rel=\"stylesheet\" href=\"css\/bootstrap.min.css\">\n\n\n<ul class=\"pagination\">\n\t    \n\t\n\n<li >\n\t<a href='?page_no=21770'>Previous<\/a>\n\t<\/li>\n\n\n       \n    \n\n<li><a href='?page_no=1'>1<\/a><\/li>\n\n\n\n<li><a href='?page_no=2'>2<\/a><\/li>\n\n\n\n<li><a>...<\/a><\/li>\n\n\n\n<li><a href='?page_no=21769'>21769<\/a><\/li>\n\n\n\n<li><a href='?page_no=21770'>21770<\/a><\/li>\n\n\n\n<li class='active'><a>21771<\/a><\/li>\n\n\n\n<li><a href='?page_no=21772'>21772<\/a><\/li>\n\n\n\n<li><a href='?page_no=21773'>21773<\/a><\/li>\n\n\n\n<li><a>...<\/a><\/li>\n\n\n\n<li><a href='?page_no=22911'>22911<\/a><\/li>\n\n\n\n<li><a href='?page_no=22912'>22912<\/a><\/li>\n\n    \n\t\n\n<li >\n\t<a href='?page_no=21772'>Next<\/a>\n\t<\/li>\n\n\n    \n\n<li><a href='?page_no=22912'>Last &rsaquo;&rsaquo;<\/a><\/li>\n\n<\/ul>\n\n\n--><br \/>\n<\/body><\/p>\n","protected":false},"excerpt":{"rendered":"<p>El historiador y pol\u00edtico dominicano Euclides Guti\u00e9rrez F\u00e9lix recibi\u00f3 de manos del Secretario de Estado de Cultura, Jos\u00e9 Rafael Lantigua y del Director General de la Feria del Libro, Alejandro Arvelo, el pergamino que le asigna con su nombre a una de las calles de la Plaza de la cultura Juan Pablo Duarte, ubicada frente [&hellip;]<\/p>\n","protected":false},"author":3,"featured_media":0,"comment_status":"open","ping_status":"open","sticky":false,"template":"","format":"standard","meta":{"footnotes":""},"categories":[21],"tags":[],"class_list":["post-70093","post","type-post","status-publish","format-standard","hentry","category-cultura"],"_links":{"self":[{"href":"https:\/\/diariodominicano.com\/index.php?rest_route=\/wp\/v2\/posts\/70093","targetHints":{"allow":["GET"]}}],"collection":[{"href":"https:\/\/diariodominicano.com\/index.php?rest_route=\/wp\/v2\/posts"}],"about":[{"href":"https:\/\/diariodominicano.com\/index.php?rest_route=\/wp\/v2\/types\/post"}],"author":[{"embeddable":true,"href":"https:\/\/diariodominicano.com\/index.php?rest_route=\/wp\/v2\/users\/3"}],"replies":[{"embeddable":true,"href":"https:\/\/diariodominicano.com\/index.php?rest_route=%2Fwp%2Fv2%2Fcomments&post=70093"}],"version-history":[{"count":0,"href":"https:\/\/diariodominicano.com\/index.php?rest_route=\/wp\/v2\/posts\/70093\/revisions"}],"wp:attachment":[{"href":"https:\/\/diariodominicano.com\/index.php?rest_route=%2Fwp%2Fv2%2Fmedia&parent=70093"}],"wp:term":[{"taxonomy":"category","embeddable":true,"href":"https:\/\/diariodominicano.com\/index.php?rest_route=%2Fwp%2Fv2%2Fcategories&post=70093"},{"taxonomy":"post_tag","embeddable":true,"href":"https:\/\/diariodominicano.com\/index.php?rest_route=%2Fwp%2Fv2%2Ftags&post=70093"}],"curies":[{"name":"wp","href":"https:\/\/api.w.org\/{rel}","templated":true}]}}