{"id":70092,"date":"2009-04-28T22:05:21","date_gmt":"2009-04-28T22:05:21","guid":{"rendered":"http:\/\/diariodominicano.ddns.net\/?p=70092"},"modified":"2009-04-28T22:05:21","modified_gmt":"2009-04-28T22:05:21","slug":"jose-rafael-sosa-pone-en-circulacion-libro-un-dedito-al-ano-no-hace-dano-en-la-feria-del-libro","status":"publish","type":"post","link":"https:\/\/diariodominicano.com\/?p=70092","title":{"rendered":"Jos\u00e9 Rafael Sosa pone en circulaci\u00f3n libro ?Un dedito al a\u00f1o no hace da\u00f1o? en la Feria del Libro"},"content":{"rendered":"<p><body><\/p>\n<p><img decoding=\"async\" src=\"http:\/\/localhost:8080\/img3\/dedo.jpg\" \/>  <\/p>\n<p><span class=\"text1noticias\">El reconocido periodista Jos\u00e9 Rafael Sosa puso en circulaci\u00f3n el libro ?Un dedito al a\u00f1o, no hace da\u00f1o?, en el curso de una conferencia  en el Pabell\u00f3n Tribuna Libre de la Feria del Libro 2009.<\/span><\/p>\n<p><span class=\"text1noticias\"> <\/span><\/p>\n<p><span class=\"text1noticias\">Sosa en su obra, hace un recuento de sus vivencias cuando a trav\u00e9s de un an\u00e1lisis m\u00e9dico se descubre que tiene c\u00e1ncer de pr\u00f3stata. <\/span><\/p>\n<p><span class=\"text1noticias\"> <\/span><\/p>\n<p><span class=\"text1noticias\">Explica que escribir un libro para hablar de c\u00e1ncer, y hacerlo con gracia, sin aterrorizar es una de las virtudes de este trabajo (comunicador-escritor).<\/span><\/p>\n<p><span class=\"text1noticias\"> <\/span><\/p>\n<p><span class=\"text1noticias\">?Ustedes lo pueden lograr, detectarlo a tiempo y sobreponerse a este mal como ya lo hice, ahora estoy libre de c\u00e1ncer de pr\u00f3stata?, expresa el comunicador.<\/span><\/p>\n<p><span class=\"text1noticias\">   <\/span><\/p>\n<p><span class=\"text1noticias\">Refiere que el libro est\u00e1 escrito para personas de m\u00e1s de 40 a\u00f1os, espec\u00edficamente hombres que de esta manera, a modo de prevenci\u00f3n se librar\u00edan de contraer un c\u00e1ncer de pr\u00f3stata o de detectarlo a tiempo.<\/span><\/p>\n<p><span class=\"text1noticias\"> <\/span><\/p>\n<p><span class=\"text1noticias\">Sosa recalca que el c\u00e1ncer es una condici\u00f3n de salud que no es evitable, ya que no hay vacuna a la vista. No produce s\u00edntomas hasta que ya es muy tarde, lo que conlleva que el hombre debe hacerse el an\u00e1lisis despu\u00e9s de 35-40 anual, de forma que logre una verdadera prevenci\u00f3n de este tipo de c\u00e1ncer.<\/span><\/p>\n<h6> 2009-04-28 22:05:21 <\/h6>\n<p><!--\n<link rel=\"stylesheet\" href=\"css\/bootstrap.min.css\">\n\n\n<ul class=\"pagination\">\n\t    \n\t\n\n<li >\n\t<a href='?page_no=21769'>Previous<\/a>\n\t<\/li>\n\n\n       \n    \n\n<li><a href='?page_no=1'>1<\/a><\/li>\n\n\n\n<li><a href='?page_no=2'>2<\/a><\/li>\n\n\n\n<li><a>...<\/a><\/li>\n\n\n\n<li><a href='?page_no=21768'>21768<\/a><\/li>\n\n\n\n<li><a href='?page_no=21769'>21769<\/a><\/li>\n\n\n\n<li class='active'><a>21770<\/a><\/li>\n\n\n\n<li><a href='?page_no=21771'>21771<\/a><\/li>\n\n\n\n<li><a href='?page_no=21772'>21772<\/a><\/li>\n\n\n\n<li><a>...<\/a><\/li>\n\n\n\n<li><a href='?page_no=22911'>22911<\/a><\/li>\n\n\n\n<li><a href='?page_no=22912'>22912<\/a><\/li>\n\n    \n\t\n\n<li >\n\t<a href='?page_no=21771'>Next<\/a>\n\t<\/li>\n\n\n    \n\n<li><a href='?page_no=22912'>Last &rsaquo;&rsaquo;<\/a><\/li>\n\n<\/ul>\n\n\n--><br \/>\n<\/body><\/p>\n","protected":false},"excerpt":{"rendered":"<p>El reconocido periodista Jos\u00e9 Rafael Sosa puso en circulaci\u00f3n el libro ?Un dedito al a\u00f1o, no hace da\u00f1o?, en el curso de una conferencia en el Pabell\u00f3n Tribuna Libre de la Feria del Libro 2009. Sosa en su obra, hace un recuento de sus vivencias cuando a trav\u00e9s de un an\u00e1lisis m\u00e9dico se descubre que [&hellip;]<\/p>\n","protected":false},"author":3,"featured_media":0,"comment_status":"open","ping_status":"open","sticky":false,"template":"","format":"standard","meta":{"footnotes":""},"categories":[21],"tags":[],"class_list":["post-70092","post","type-post","status-publish","format-standard","hentry","category-cultura"],"_links":{"self":[{"href":"https:\/\/diariodominicano.com\/index.php?rest_route=\/wp\/v2\/posts\/70092","targetHints":{"allow":["GET"]}}],"collection":[{"href":"https:\/\/diariodominicano.com\/index.php?rest_route=\/wp\/v2\/posts"}],"about":[{"href":"https:\/\/diariodominicano.com\/index.php?rest_route=\/wp\/v2\/types\/post"}],"author":[{"embeddable":true,"href":"https:\/\/diariodominicano.com\/index.php?rest_route=\/wp\/v2\/users\/3"}],"replies":[{"embeddable":true,"href":"https:\/\/diariodominicano.com\/index.php?rest_route=%2Fwp%2Fv2%2Fcomments&post=70092"}],"version-history":[{"count":0,"href":"https:\/\/diariodominicano.com\/index.php?rest_route=\/wp\/v2\/posts\/70092\/revisions"}],"wp:attachment":[{"href":"https:\/\/diariodominicano.com\/index.php?rest_route=%2Fwp%2Fv2%2Fmedia&parent=70092"}],"wp:term":[{"taxonomy":"category","embeddable":true,"href":"https:\/\/diariodominicano.com\/index.php?rest_route=%2Fwp%2Fv2%2Fcategories&post=70092"},{"taxonomy":"post_tag","embeddable":true,"href":"https:\/\/diariodominicano.com\/index.php?rest_route=%2Fwp%2Fv2%2Ftags&post=70092"}],"curies":[{"name":"wp","href":"https:\/\/api.w.org\/{rel}","templated":true}]}}