{"id":70091,"date":"2009-04-29T14:11:24","date_gmt":"2009-04-29T14:11:24","guid":{"rendered":"http:\/\/diariodominicano.ddns.net\/?p=70091"},"modified":"2009-04-29T14:11:24","modified_gmt":"2009-04-29T14:11:24","slug":"rodriguez-pimentel-destaca-impacto-feria-del-libro-resalta-vida-y-obra-de-juan-bosch","status":"publish","type":"post","link":"https:\/\/diariodominicano.com\/?p=70091","title":{"rendered":"Rodr\u00edguez Pimentel destaca Impacto Feria del Libro; Resalta Vida y Obra de Juan Bosch"},"content":{"rendered":"<p><body><\/p>\n<p><img decoding=\"async\" src=\"http:\/\/localhost:8080\/img3\/hetos.jpg\" \/>  <\/p>\n<p><span class=\"text1noticias\">SANTO DOMINGO.- El ingeniero H\u00e9ctor Rodr\u00edguez Pimentel, Director Ejecutivo del Instituto Nacional de Recursos Hidr\u00e1ulicos (INDRHI), destac\u00f3 el extraordinario respaldo que hasta ahora ha logrado la Feria Nacional del Libro dedicada a Juan Bosch en el centenario de su nacimiento, la cual ha contado  con la asistencia de cientos de miles de personas.<\/span><\/p>\n<\/p>\n<p><span class=\"text1noticias\">Al mismo tiempo, resalt\u00f3 que el resonante \u00e9xito de ese importante acontecimiento cultural es un gran logro del Presidente Leonel Fern\u00e1ndez, quien le ha suministrado todos los recursos a tiempo y le ha prestado especial atenci\u00f3n asistiendo a la mayor\u00eda de las actividades, lo que le ha dado un buen impulso a esa actividad.<\/span><\/p>\n<\/p>\n<p><span class=\"text1noticias\">De igual modo, destac\u00f3 la vida y obra del Profesor Juan Bosch, expresando que fue un ejemplo a emular para las presentes y futuras  generaciones, quien dej\u00f3 como legado la creaci\u00f3n de dos partidos pol\u00edticos, y su condici\u00f3n de acad\u00e9mico, literario, cuentista, ensayista, economista, soci\u00f3logo e historiador. <\/span><\/p>\n<\/p>\n<p><span class=\"text1noticias\">Rodr\u00edguez Pimentel felicit\u00f3 al Secretario de Cultura, Jos\u00e9 Rafael Lantigua, quien ha demostrado una gran capacidad en cuanto a la organizaci\u00f3n y montaje de la Feria Nacional de Libro. <\/span><\/p>\n<\/p>\n<p><span class=\"text1noticias\">Expres\u00f3 que la Feria Nacional del Libro es  un evento cultural important\u00edsimo en Republica Dominicana, que se ha convertido en una instituci\u00f3n, no solamente por estar  relacionada con todo lo que tiene que ver con el libro y la lectura \u00a8\u00a8 sino tambi\u00e9n con las actividades culturales, las artes, la ciencia y los recursos naturales.<\/span><\/p>\n<\/p>\n<p><span class=\"text1noticias\">Rodr\u00edguez Pimentel ofreci\u00f3 sus declaraciones luego de un recorrido que realiz\u00f3 junto a funcionarios del INDRHI y numerosos amigos y relacionados, luego de pronunciar una Conferencia Magistral titulada ?Pol\u00edtica de Agua en Rep\u00fablica Dominicana? en el Museo de Historia Natural.<\/span><\/p>\n<\/p>\n<p><span class=\"text1noticias\">Presencia del INDRHI en la Feria<\/span><\/p>\n<p><span class=\"text1noticias\">El Instituto Nacional de Recursos Hidr\u00e1ulicos tiene una importante presencia en la Feria Nacional del Libro; camiones pertenecientes al Programa Cultura del Agua, dotados de todos los medios tecnol\u00f3gicos, como son computadoras, equipos de videos y proyectores de pel\u00edculas, educan a los estudiantes y visitantes sobre la importancia que tiene el agua para los diferentes usos como son: agua para el consumo humano, para riego, producci\u00f3n de energ\u00eda el\u00e9ctrica, uso tur\u00edstico e industrial.<\/span><\/p>\n<\/p>\n<p><span class=\"text1noticias\">Miles de brochere est\u00e1n siendo distribuidos, conteniendo mensajes importantes sobre los diferentes programas y proyectos que desarrolla el INDRHI en la gesti\u00f3n del Ingeniero H\u00e9ctor Rodr\u00edguez Pimentel, quien tiene en carpeta varios proyectos de inter\u00e9s para el desarrollo del pa\u00eds en t\u00e9rminos de recursos h\u00eddricos.<\/span><\/p>\n<\/p>\n<p><span class=\"text1noticias\">Proyectos como la Ley General de Agua, que cursa en el Senado de la Rep\u00fablica, para dotar al pa\u00eds de un marco legal que le permita administrar el recurso agua;  Cultura del Agua Contra La Pobreza, con el apoyo de la Uni\u00f3n Europea y con ?Vigilantes del Agua?, para proteger los recursos naturales, as\u00ed como la construcci\u00f3n de nuevas presas y el estudio especializado con equipos ultra modernos las cuencas de los r\u00edos, con el fin de trazar los lineamientos a seguir para evitar las inundaciones, son parte del vasto plan de trabajo que viene desarrollando exitosamente el ingeniero H\u00e9ctor Rodr\u00edguez Pimentel.<\/span><\/p>\n<h6> 2009-04-29 14:11:24 <\/h6>\n<p><!--\n<link rel=\"stylesheet\" href=\"css\/bootstrap.min.css\">\n\n\n<ul class=\"pagination\">\n\t    \n\t\n\n<li >\n\t<a href='?page_no=21768'>Previous<\/a>\n\t<\/li>\n\n\n       \n    \n\n<li><a href='?page_no=1'>1<\/a><\/li>\n\n\n\n<li><a href='?page_no=2'>2<\/a><\/li>\n\n\n\n<li><a>...<\/a><\/li>\n\n\n\n<li><a href='?page_no=21767'>21767<\/a><\/li>\n\n\n\n<li><a href='?page_no=21768'>21768<\/a><\/li>\n\n\n\n<li class='active'><a>21769<\/a><\/li>\n\n\n\n<li><a href='?page_no=21770'>21770<\/a><\/li>\n\n\n\n<li><a href='?page_no=21771'>21771<\/a><\/li>\n\n\n\n<li><a>...<\/a><\/li>\n\n\n\n<li><a href='?page_no=22911'>22911<\/a><\/li>\n\n\n\n<li><a href='?page_no=22912'>22912<\/a><\/li>\n\n    \n\t\n\n<li >\n\t<a href='?page_no=21770'>Next<\/a>\n\t<\/li>\n\n\n    \n\n<li><a href='?page_no=22912'>Last &rsaquo;&rsaquo;<\/a><\/li>\n\n<\/ul>\n\n\n--><br \/>\n<\/body><\/p>\n","protected":false},"excerpt":{"rendered":"<p>SANTO DOMINGO.- El ingeniero H\u00e9ctor Rodr\u00edguez Pimentel, Director Ejecutivo del Instituto Nacional de Recursos Hidr\u00e1ulicos (INDRHI), destac\u00f3 el extraordinario respaldo que hasta ahora ha logrado la Feria Nacional del Libro dedicada a Juan Bosch en el centenario de su nacimiento, la cual ha contado con la asistencia de cientos de miles de personas. Al mismo [&hellip;]<\/p>\n","protected":false},"author":3,"featured_media":0,"comment_status":"open","ping_status":"open","sticky":false,"template":"","format":"standard","meta":{"footnotes":""},"categories":[21],"tags":[],"class_list":["post-70091","post","type-post","status-publish","format-standard","hentry","category-cultura"],"_links":{"self":[{"href":"https:\/\/diariodominicano.com\/index.php?rest_route=\/wp\/v2\/posts\/70091","targetHints":{"allow":["GET"]}}],"collection":[{"href":"https:\/\/diariodominicano.com\/index.php?rest_route=\/wp\/v2\/posts"}],"about":[{"href":"https:\/\/diariodominicano.com\/index.php?rest_route=\/wp\/v2\/types\/post"}],"author":[{"embeddable":true,"href":"https:\/\/diariodominicano.com\/index.php?rest_route=\/wp\/v2\/users\/3"}],"replies":[{"embeddable":true,"href":"https:\/\/diariodominicano.com\/index.php?rest_route=%2Fwp%2Fv2%2Fcomments&post=70091"}],"version-history":[{"count":0,"href":"https:\/\/diariodominicano.com\/index.php?rest_route=\/wp\/v2\/posts\/70091\/revisions"}],"wp:attachment":[{"href":"https:\/\/diariodominicano.com\/index.php?rest_route=%2Fwp%2Fv2%2Fmedia&parent=70091"}],"wp:term":[{"taxonomy":"category","embeddable":true,"href":"https:\/\/diariodominicano.com\/index.php?rest_route=%2Fwp%2Fv2%2Fcategories&post=70091"},{"taxonomy":"post_tag","embeddable":true,"href":"https:\/\/diariodominicano.com\/index.php?rest_route=%2Fwp%2Fv2%2Ftags&post=70091"}],"curies":[{"name":"wp","href":"https:\/\/api.w.org\/{rel}","templated":true}]}}