{"id":70090,"date":"2009-04-29T14:55:48","date_gmt":"2009-04-29T14:55:48","guid":{"rendered":"http:\/\/diariodominicano.ddns.net\/?p=70090"},"modified":"2009-04-29T14:55:48","modified_gmt":"2009-04-29T14:55:48","slug":"espectaculo-un-libro-por-la-patria-cambia-de-escenario","status":"publish","type":"post","link":"https:\/\/diariodominicano.com\/?p=70090","title":{"rendered":"Espect\u00e1culo ?Un libro por la Patria? cambia de escenario"},"content":{"rendered":"<p><body><\/p>\n<p><img decoding=\"async\" src=\"http:\/\/localhost:8080\/img3\/livo.jpg\" \/>  <\/p>\n<p><span class=\"text1noticias\">Monse\u00f1or de la Rosa y Carpio dona 2000 ejemplares de sus libros a  FUNDI <\/span><\/p>\n<p><span class=\"text1noticias\"> <\/span><\/p>\n<p><span class=\"text1noticias\">El espect\u00e1culo ?Un libro por la Patria? ser\u00e1 celebrado el pr\u00f3ximo viernes 1 de mayo en el Palacio de los Deportes de Santo Domingo y no en el Estadio Ol\u00edmpico como se ten\u00eda previsto, debido a los pron\u00f3sticos de lluvia hasta el mi\u00e9rcoles de la semana pr\u00f3xima.<\/span><\/p>\n<\/p>\n<p><span class=\"text1noticias\">La informaci\u00f3n fue ofrecida la tarde de este martes durante una rueda de prensa celebrada en el Episcopado de Santo Domingo, donde con  el apoyo de diversas instituciones, el arzobispo metropolitano de Santiago, monse\u00f1or Ram\u00f3n Benito de La Rosa y Carpio, don\u00f3 2,000 ejemplares de la Colecci\u00f3n Libros de La Rosa a la Fundaci\u00f3n Nacional de Desarrollo Integral (FUNDI), para que sean entregados a las bibliotecas de las escuelas y liceos del pa\u00eds, en el marco de la iniciativa ?Un Libro por la Patria?, que desarrolla esa organizaci\u00f3n. <\/span><\/p>\n<\/p>\n<p><span class=\"text1noticias\">Los libros aportados, cuyos t\u00edtulos son ?M\u00e1s all\u00e1 de un momento? y ?Antes de un momento?, corresponden al g\u00e9nero literario del ensayo y en sus p\u00e1ginas recogen el pensamiento del autor sobre diversos temas globales, de gran actualidad y con un sentido de promoci\u00f3n de la superaci\u00f3n personal, como estrategia b\u00e1sica en tiempos de crisis. <\/span><\/p>\n<\/p>\n<p><span class=\"text1noticias\">El anuncio de esta donaci\u00f3n fue realizado durante una rueda de prensa efectuada en la sede de la Conferencia del Episcopado Dominicano, la cual fue encabezada por el autor de las obras, monse\u00f1or Ram\u00f3n Benito de La Rosa y Carpio.   <\/span><\/p>\n<\/p>\n<p><span class=\"text1noticias\">La donaci\u00f3n fue recibida con benepl\u00e1cito por el empresario Manuel Garc\u00eda Ar\u00e9valo, presidente del Comit\u00e9 Organizador de ?Un libro por la Patria?, y por el historiador Jos\u00e9 Chez Checo, la licenciada Manuela Batista, directora ejecutiva de FUNDI, y la periodista y escritora Emilia Pereyra, quienes tambi\u00e9n forman parte del colectivo.  <\/span><\/p>\n<\/p>\n<p><span class=\"text1noticias\">Al respecto,  los miembros del Comit\u00e9 Organizador expresaron que el donativo de monse\u00f1or de la Rosa y Carpio  es sumamente importante para el proyecto e instaron a otras personas y sectores a hacer lo mismo, pues con esta acci\u00f3n contribuir\u00e1n al desarrollo educativo de la poblaci\u00f3n m\u00e1s necesitada. <\/span><\/p>\n<p><span class=\"text1noticias\">El donativo completo incluye la entrega de varios ejemplares de la Colecci\u00f3n Libros de La Rosa, que abarca 20 vol\u00famenes con t\u00edtulos diferentes, junto a los dos temas presentados en esta ocasi\u00f3n. <\/span><\/p>\n<\/p>\n<p><span class=\"text1noticias\">En imprenta se encuentran los t\u00edtulos: ?Un Momento I?; ?Elecciones: 48 temas b\u00e1sicos, desde 1962 hasta 2008?; ?M\u00e1s all\u00e1 de un momento?; ?Antes de un momento?; ?Se\u00f1or Presidente, Pueblo Dominicano?; ?Navidades nuestras?; ?Valores y virtudes?; ?Certifico y doy fe I?; ?Certifico y doy fe II?; y, ?Disc\u00edpulos de Jes\u00fas, 1000 reflexiones breves?. <\/span><\/p>\n<\/p>\n<p><span class=\"text1noticias\">?Un Libro por la Patria?, ser\u00e1 celebrado a partir de las 6:00 de la tarde, en el Palacio de los Deportes Virgilio Travieso Soto, con la participaci\u00f3n de   Johnny Ventura, Milly Quezada, Sergio Vargas, Ram\u00f3n Orlando, Kinito M\u00e9ndez, Raul\u00edn Rodr\u00edguez, Fernando Echavarr\u00eda, Eddy Herrera, Los Hermanos Rosario, Jos\u00e9 Alberto ?El Canario?, Fernando Villalona y Danny Rivera, dirigidos el maestro Jorge Taveras. <\/span><\/p>\n<\/p>\n<p><span class=\"text1noticias\">La entrada a dicho evento consistir\u00e1 en la donaci\u00f3n de un libro nuevo o usado en buen estado, con lo cual FUNDI busca recabar miles de libros para cientos de bibliotecas de las escuelas y liceos p\u00fablicos de todo el pa\u00eds.  <\/span><\/p>\n<h6> 2009-04-29 14:55:48 <\/h6>\n<p><!--\n<link rel=\"stylesheet\" href=\"css\/bootstrap.min.css\">\n\n\n<ul class=\"pagination\">\n\t    \n\t\n\n<li >\n\t<a href='?page_no=21767'>Previous<\/a>\n\t<\/li>\n\n\n       \n    \n\n<li><a href='?page_no=1'>1<\/a><\/li>\n\n\n\n<li><a href='?page_no=2'>2<\/a><\/li>\n\n\n\n<li><a>...<\/a><\/li>\n\n\n\n<li><a href='?page_no=21766'>21766<\/a><\/li>\n\n\n\n<li><a href='?page_no=21767'>21767<\/a><\/li>\n\n\n\n<li class='active'><a>21768<\/a><\/li>\n\n\n\n<li><a href='?page_no=21769'>21769<\/a><\/li>\n\n\n\n<li><a href='?page_no=21770'>21770<\/a><\/li>\n\n\n\n<li><a>...<\/a><\/li>\n\n\n\n<li><a href='?page_no=22911'>22911<\/a><\/li>\n\n\n\n<li><a href='?page_no=22912'>22912<\/a><\/li>\n\n    \n\t\n\n<li >\n\t<a href='?page_no=21769'>Next<\/a>\n\t<\/li>\n\n\n    \n\n<li><a href='?page_no=22912'>Last &rsaquo;&rsaquo;<\/a><\/li>\n\n<\/ul>\n\n\n--><br \/>\n<\/body><\/p>\n","protected":false},"excerpt":{"rendered":"<p>Monse\u00f1or de la Rosa y Carpio dona 2000 ejemplares de sus libros a FUNDI El espect\u00e1culo ?Un libro por la Patria? ser\u00e1 celebrado el pr\u00f3ximo viernes 1 de mayo en el Palacio de los Deportes de Santo Domingo y no en el Estadio Ol\u00edmpico como se ten\u00eda previsto, debido a los pron\u00f3sticos de lluvia hasta [&hellip;]<\/p>\n","protected":false},"author":3,"featured_media":0,"comment_status":"open","ping_status":"open","sticky":false,"template":"","format":"standard","meta":{"footnotes":""},"categories":[21],"tags":[],"class_list":["post-70090","post","type-post","status-publish","format-standard","hentry","category-cultura"],"_links":{"self":[{"href":"https:\/\/diariodominicano.com\/index.php?rest_route=\/wp\/v2\/posts\/70090","targetHints":{"allow":["GET"]}}],"collection":[{"href":"https:\/\/diariodominicano.com\/index.php?rest_route=\/wp\/v2\/posts"}],"about":[{"href":"https:\/\/diariodominicano.com\/index.php?rest_route=\/wp\/v2\/types\/post"}],"author":[{"embeddable":true,"href":"https:\/\/diariodominicano.com\/index.php?rest_route=\/wp\/v2\/users\/3"}],"replies":[{"embeddable":true,"href":"https:\/\/diariodominicano.com\/index.php?rest_route=%2Fwp%2Fv2%2Fcomments&post=70090"}],"version-history":[{"count":0,"href":"https:\/\/diariodominicano.com\/index.php?rest_route=\/wp\/v2\/posts\/70090\/revisions"}],"wp:attachment":[{"href":"https:\/\/diariodominicano.com\/index.php?rest_route=%2Fwp%2Fv2%2Fmedia&parent=70090"}],"wp:term":[{"taxonomy":"category","embeddable":true,"href":"https:\/\/diariodominicano.com\/index.php?rest_route=%2Fwp%2Fv2%2Fcategories&post=70090"},{"taxonomy":"post_tag","embeddable":true,"href":"https:\/\/diariodominicano.com\/index.php?rest_route=%2Fwp%2Fv2%2Ftags&post=70090"}],"curies":[{"name":"wp","href":"https:\/\/api.w.org\/{rel}","templated":true}]}}