{"id":70089,"date":"2009-04-29T16:36:27","date_gmt":"2009-04-29T16:36:27","guid":{"rendered":"http:\/\/diariodominicano.ddns.net\/?p=70089"},"modified":"2009-04-29T16:36:27","modified_gmt":"2009-04-29T16:36:27","slug":"alejandro-arvelo-ofrece-tertulia-sobre-la-ilustracion-y-filosofia","status":"publish","type":"post","link":"https:\/\/diariodominicano.com\/?p=70089","title":{"rendered":"Alejandro Arvelo ofrece tertulia sobre la ilustraci\u00f3n y filosof\u00eda"},"content":{"rendered":"<p><body><\/p>\n<p><img decoding=\"async\" src=\"http:\/\/localhost:8080\/img3\/arve.jpg\" \/>  <\/p>\n<p><span class=\"text1noticias\">El Pabell\u00f3n de Tribuna Libre sirvi\u00f3 de escenario para que el escritor y Director General de la Feria del Libro, Alejandro Arvelo, ofreciera una Tertulia de la Academia, sobre la ilustraci\u00f3n y la importancia de la filosof\u00eda, en el marco de la XII Feria Internacional del Libro Santo Domingo 2009.<\/span><\/p>\n<p><span class=\"text1noticias\"> <\/span><\/p>\n<p><span class=\"text1noticias\">En el encuentro literario el conferencista, quien comparti\u00f3 tarima con el escritor Di\u00f3genes Garc\u00eda, habl\u00f3 sobre cinco fragmentos literarios del libro \u00abFilosof\u00eda de la Historia\u00bb, del fil\u00f3sofo alem\u00e1n Immanuel Kant, en los cuales se evoca el desarrollo y la importancia de la ilustraci\u00f3n, lo que permite que los seres humanos ampl\u00eden sus conocimientos de manera conceptual.<\/span><\/p>\n<p><span class=\"text1noticias\"> <\/span><\/p>\n<p><span class=\"text1noticias\">De los textos que Arvelo ley\u00f3 y coment\u00f3 con el p\u00fablico, se refer\u00edan a la importancia de la ilustraci\u00f3n, pues \u00e9sta tiene la facultad de que el individuo pueda pensar y sacar conclusiones contundentes del determinado escrito que ha estudiado con anticipaci\u00f3n. <\/span><\/p>\n<p><span class=\"text1noticias\"> <\/span><\/p>\n<p><span class=\"text1noticias\">La filosof\u00eda estudia problemas fundamentales relacionados con cuestiones como la existencia, el conocimiento, la verdad, la belleza, la mente y el lenguaje. Este fue un punto muy desglosado por Arvelo y el p\u00fablico asistente, ya que esta ciencia se distingue de otras por su manera de abordar estos problemas por su m\u00e9todo cr\u00edtico y generalmente sistem\u00e1tico, as\u00ed como por su \u00e9nfasis en los argumentos racionales.<\/span><\/p>\n<p><span class=\"text1noticias\"> <\/span><\/p>\n<p><span class=\"text1noticias\">La poes\u00eda, un g\u00e9nero literario en el que se recurre a las cualidades est\u00e9ticas, tambi\u00e9n fue uno de los temas abordados por el escritor, pues manifest\u00f3 que \u00e9sta es una conceptualizaci\u00f3n de los sentimientos y el lenguaje.<\/span><\/p>\n<p><span class=\"text1noticias\">  <\/span><\/p>\n<p><span class=\"text1noticias\">Alejandro finaliz\u00f3 su alocuci\u00f3n diciendo que la ilustraci\u00f3n o enciclopedismo franc\u00e9s es uno de los pocos casos en que un conjunto de ideas o un conjunto de pensadores dieron a la luz un nuevo mundo, porque el propio Kant, a trav\u00e9s de sus escritos, dijo que \u00ablos fil\u00f3sofos no tienen que buscar nada mezcl\u00e1ndose con los asuntos del poder, porque el poder exige su visi\u00f3n y los pensadores lo que buscan es convicciones o verdades\u00bb.<\/span><\/p>\n<h6> 2009-04-29 16:36:27 <\/h6>\n<p><!--\n<link rel=\"stylesheet\" href=\"css\/bootstrap.min.css\">\n\n\n<ul class=\"pagination\">\n\t    \n\t\n\n<li >\n\t<a href='?page_no=21766'>Previous<\/a>\n\t<\/li>\n\n\n       \n    \n\n<li><a href='?page_no=1'>1<\/a><\/li>\n\n\n\n<li><a href='?page_no=2'>2<\/a><\/li>\n\n\n\n<li><a>...<\/a><\/li>\n\n\n\n<li><a href='?page_no=21765'>21765<\/a><\/li>\n\n\n\n<li><a href='?page_no=21766'>21766<\/a><\/li>\n\n\n\n<li class='active'><a>21767<\/a><\/li>\n\n\n\n<li><a href='?page_no=21768'>21768<\/a><\/li>\n\n\n\n<li><a href='?page_no=21769'>21769<\/a><\/li>\n\n\n\n<li><a>...<\/a><\/li>\n\n\n\n<li><a href='?page_no=22911'>22911<\/a><\/li>\n\n\n\n<li><a href='?page_no=22912'>22912<\/a><\/li>\n\n    \n\t\n\n<li >\n\t<a href='?page_no=21768'>Next<\/a>\n\t<\/li>\n\n\n    \n\n<li><a href='?page_no=22912'>Last &rsaquo;&rsaquo;<\/a><\/li>\n\n<\/ul>\n\n\n--><br \/>\n<\/body><\/p>\n","protected":false},"excerpt":{"rendered":"<p>El Pabell\u00f3n de Tribuna Libre sirvi\u00f3 de escenario para que el escritor y Director General de la Feria del Libro, Alejandro Arvelo, ofreciera una Tertulia de la Academia, sobre la ilustraci\u00f3n y la importancia de la filosof\u00eda, en el marco de la XII Feria Internacional del Libro Santo Domingo 2009. En el encuentro literario el [&hellip;]<\/p>\n","protected":false},"author":3,"featured_media":0,"comment_status":"open","ping_status":"open","sticky":false,"template":"","format":"standard","meta":{"footnotes":""},"categories":[21],"tags":[],"class_list":["post-70089","post","type-post","status-publish","format-standard","hentry","category-cultura"],"_links":{"self":[{"href":"https:\/\/diariodominicano.com\/index.php?rest_route=\/wp\/v2\/posts\/70089","targetHints":{"allow":["GET"]}}],"collection":[{"href":"https:\/\/diariodominicano.com\/index.php?rest_route=\/wp\/v2\/posts"}],"about":[{"href":"https:\/\/diariodominicano.com\/index.php?rest_route=\/wp\/v2\/types\/post"}],"author":[{"embeddable":true,"href":"https:\/\/diariodominicano.com\/index.php?rest_route=\/wp\/v2\/users\/3"}],"replies":[{"embeddable":true,"href":"https:\/\/diariodominicano.com\/index.php?rest_route=%2Fwp%2Fv2%2Fcomments&post=70089"}],"version-history":[{"count":0,"href":"https:\/\/diariodominicano.com\/index.php?rest_route=\/wp\/v2\/posts\/70089\/revisions"}],"wp:attachment":[{"href":"https:\/\/diariodominicano.com\/index.php?rest_route=%2Fwp%2Fv2%2Fmedia&parent=70089"}],"wp:term":[{"taxonomy":"category","embeddable":true,"href":"https:\/\/diariodominicano.com\/index.php?rest_route=%2Fwp%2Fv2%2Fcategories&post=70089"},{"taxonomy":"post_tag","embeddable":true,"href":"https:\/\/diariodominicano.com\/index.php?rest_route=%2Fwp%2Fv2%2Ftags&post=70089"}],"curies":[{"name":"wp","href":"https:\/\/api.w.org\/{rel}","templated":true}]}}