{"id":70088,"date":"2009-04-29T16:38:09","date_gmt":"2009-04-29T16:38:09","guid":{"rendered":"http:\/\/diariodominicano.ddns.net\/?p=70088"},"modified":"2009-04-29T16:38:09","modified_gmt":"2009-04-29T16:38:09","slug":"cafe-bohemio-un-espacio-artistico-cultural-en-la-feria-del-libro","status":"publish","type":"post","link":"https:\/\/diariodominicano.com\/?p=70088","title":{"rendered":"Caf\u00e9 Bohemio, un espacio art\u00edstico cultural en la Feria del Libro"},"content":{"rendered":"<p><body><\/p>\n<p><img decoding=\"async\" src=\"img3\/bohem.jpg\" \/>  <\/p>\n<p><span class=\"text1noticias\">La XII Feria Internacional del Libro Santo Domingo 2009 ofrece a los ciudadanos de diferentes edades una amplia gama de actividades art\u00edstico-culturales que nutren de conocimientos, que ampl\u00edan horizontes y que reflejan la idiosincrasia del pueblo dominicano.<\/span><\/p>\n<\/p>\n<p><span class=\"text1noticias\">Cada d\u00eda, los visitantes a este encuentro con la lectura se divierten y toman la opci\u00f3n que m\u00e1s le conviene ya sea participando de una interesante tertulia, viendo una agrupaci\u00f3n musical o disfrutando de un ambiente ameno en el ?Caf\u00e9 Bohemio?, espacio que cada a\u00f1o promueve el talento criollo y da la oportunidad a ni\u00f1os y adultos de compartir con una figura invitada.<\/span><\/p>\n<\/p>\n<p><span class=\"text1noticias\">Este singular caf\u00e9 resulta ser un gran atractivo en la Feria por la comodidad del lugar, la frescura del ambiente, las atenciones de sus encargados y sobre todo, sus sabrosos jugos y picaderas.   <\/span><\/p>\n<\/p>\n<p><span class=\"text1noticias\">El reconocido cantante V\u00edctor V\u00edctor es el coordinador de este Pabell\u00f3n, que anteriormente, fue dirigido por el duende Freddy Ginebra, ambos le han dado su sello personal y perfecto para que Caf\u00e9 Bohemio sea uno de los favoritos a visitar en la d\u00e9cimo-segunda versi\u00f3n de la Feria.<\/span><\/p>\n<\/p>\n<p><span class=\"text1noticias\">Al medio d\u00eda se re\u00fanen en este lugar distinguidas personalidades para  compartir un momento amistoso con el homenajeado del d\u00eda, quien es un intelectual o artista al cual se le ha designado una calle dentro de la feria como son: Carmen Quidiello de Bosh, Jos\u00e9 Alc\u00e1ntara Alm\u00e1nzar, Luis Mart\u00edn G\u00f3mez, Rafael Molina Morillo, Euclides Guti\u00e9rrez F\u00e9lix, Chiqui Vicioso y Federico Jovine Berm\u00fadez, entre otras figuras.<\/span><\/p>\n<\/p>\n<p><span class=\"text1noticias\">Desde el 20 de este mes, fecha en la que se inici\u00f3 la gran fiesta cultural, se han estado presentando comedias con Carlos S\u00e1nchez, conversatorios, show art\u00edsticos y la colocaci\u00f3n de m\u00fasica bohemia.<\/span><\/p>\n<\/p>\n<p><span class=\"text1noticias\">La aceptaci\u00f3n de Caf\u00e9 Bohemio ha sido fant\u00e1stica y su amplia agenda de actividades tambi\u00e9n, lo que contribuye a ser una parada obligada en el per\u00edmetro ferial.<\/span><\/p>\n<\/p>\n<p><span class=\"text1noticias\">A las once de la ma\u00f1ana, a las tres y a las seis de la tarde son las horas donde se ofrecen las tertulias para aquellos que quieren llenarse de conocimientos por medio a un escritor o artista.<\/span><\/p>\n<\/p>\n<p><span class=\"text1noticias\">Caf\u00e9 Bohemio, un espacio en el cual V\u00edctor V\u00edctor complace a los invitados con sus \u00e9xitos, le ofrece rock con Marel Alemany y la parte rom\u00e1ntica con Johanna. En definitiva, Caf\u00e9 Bohemio est\u00e1 genial en la Feria Internacional del Libro. <\/span><\/p>\n<h6> 2009-04-29 16:38:09 <\/h6>\n<p><!--\n<link rel=\"stylesheet\" href=\"css\/bootstrap.min.css\">\n\n\n<ul class=\"pagination\">\n\t    \n\t\n\n<li >\n\t<a href='?page_no=21765'>Previous<\/a>\n\t<\/li>\n\n\n       \n    \n\n<li><a href='?page_no=1'>1<\/a><\/li>\n\n\n\n<li><a href='?page_no=2'>2<\/a><\/li>\n\n\n\n<li><a>...<\/a><\/li>\n\n\n\n<li><a href='?page_no=21764'>21764<\/a><\/li>\n\n\n\n<li><a href='?page_no=21765'>21765<\/a><\/li>\n\n\n\n<li class='active'><a>21766<\/a><\/li>\n\n\n\n<li><a href='?page_no=21767'>21767<\/a><\/li>\n\n\n\n<li><a href='?page_no=21768'>21768<\/a><\/li>\n\n\n\n<li><a>...<\/a><\/li>\n\n\n\n<li><a href='?page_no=22911'>22911<\/a><\/li>\n\n\n\n<li><a href='?page_no=22912'>22912<\/a><\/li>\n\n    \n\t\n\n<li >\n\t<a href='?page_no=21767'>Next<\/a>\n\t<\/li>\n\n\n    \n\n<li><a href='?page_no=22912'>Last &rsaquo;&rsaquo;<\/a><\/li>\n\n<\/ul>\n\n\n--><br \/>\n<\/body><\/p>\n","protected":false},"excerpt":{"rendered":"<p>La XII Feria Internacional del Libro Santo Domingo 2009 ofrece a los ciudadanos de diferentes edades una amplia gama de actividades art\u00edstico-culturales que nutren de conocimientos, que ampl\u00edan horizontes y que reflejan la idiosincrasia del pueblo dominicano. Cada d\u00eda, los visitantes a este encuentro con la lectura se divierten y toman la opci\u00f3n que m\u00e1s [&hellip;]<\/p>\n","protected":false},"author":3,"featured_media":0,"comment_status":"open","ping_status":"open","sticky":false,"template":"","format":"standard","meta":{"footnotes":""},"categories":[21],"tags":[],"class_list":["post-70088","post","type-post","status-publish","format-standard","hentry","category-cultura"],"_links":{"self":[{"href":"https:\/\/diariodominicano.com\/index.php?rest_route=\/wp\/v2\/posts\/70088","targetHints":{"allow":["GET"]}}],"collection":[{"href":"https:\/\/diariodominicano.com\/index.php?rest_route=\/wp\/v2\/posts"}],"about":[{"href":"https:\/\/diariodominicano.com\/index.php?rest_route=\/wp\/v2\/types\/post"}],"author":[{"embeddable":true,"href":"https:\/\/diariodominicano.com\/index.php?rest_route=\/wp\/v2\/users\/3"}],"replies":[{"embeddable":true,"href":"https:\/\/diariodominicano.com\/index.php?rest_route=%2Fwp%2Fv2%2Fcomments&post=70088"}],"version-history":[{"count":0,"href":"https:\/\/diariodominicano.com\/index.php?rest_route=\/wp\/v2\/posts\/70088\/revisions"}],"wp:attachment":[{"href":"https:\/\/diariodominicano.com\/index.php?rest_route=%2Fwp%2Fv2%2Fmedia&parent=70088"}],"wp:term":[{"taxonomy":"category","embeddable":true,"href":"https:\/\/diariodominicano.com\/index.php?rest_route=%2Fwp%2Fv2%2Fcategories&post=70088"},{"taxonomy":"post_tag","embeddable":true,"href":"https:\/\/diariodominicano.com\/index.php?rest_route=%2Fwp%2Fv2%2Ftags&post=70088"}],"curies":[{"name":"wp","href":"https:\/\/api.w.org\/{rel}","templated":true}]}}