{"id":70087,"date":"2009-04-29T18:27:25","date_gmt":"2009-04-29T18:27:25","guid":{"rendered":"http:\/\/diariodominicano.ddns.net\/?p=70087"},"modified":"2009-04-29T18:27:25","modified_gmt":"2009-04-29T18:27:25","slug":"grupo-axe-capoeira-se-presenta-en-la-feria-del-libro","status":"publish","type":"post","link":"https:\/\/diariodominicano.com\/?p=70087","title":{"rendered":"Grupo Ax\u00e9 Capoeira se presenta en la Feria del Libro"},"content":{"rendered":"<p><body><\/p>\n<p><img decoding=\"async\" src=\"img3\/capo.jpg\" \/>  <\/p>\n<p><span class=\"text1noticias\">El grupo brasile\u00f1o Ax\u00e9 Capoeira  present\u00f3 un emocionante espect\u00e1culo de danza combinado con artes marciales como parte de las actividades de la XII Feria Internacional del Libro.<\/span><\/p>\n<p><span class=\"text1noticias\"> <\/span><\/p>\n<p><span class=\"text1noticias\">M\u00e1s de media docenas de j\u00f3venes de diferentes edades, en\u00e9rgicos y carism\u00e1ticos, se presentaron en la tarima principal de la Feria.<\/span><\/p>\n<p><span class=\"text1noticias\"> <\/span><\/p>\n<p><span class=\"text1noticias\">El grupo, que tiene como objetivo promocionar la pr\u00e1ctica global de Capoeira y el conocimiento internacional de la cultura brasile\u00f1a, concentr\u00f3 la atenci\u00f3n de los asistentes, quienes disfrutaron del arte practicado por los j\u00f3venes.<\/span><\/p>\n<\/p>\n<p><span class=\"text1noticias\">Ax\u00e9 Capoeira, que por tercera vez se present\u00f3 en la Feria, exhibi\u00f3 un programa cargado de ritmo procedente del nordeste de Brasil  y que incluy\u00f3 las expresiones Mac\u00falele, el Samba Reggae, Samba Carnaval y Maracat\u00fa.<\/span><\/p>\n<\/p>\n<p><span class=\"text1noticias\">El profesor Boa Vida  dijo que la agrupaci\u00f3n  es una organizaci\u00f3n global que promueve la historia, m\u00fasica, arte y cultura de Brasil en demostraciones educativas e interactivas.<\/span><\/p>\n<\/p>\n<p><span class=\"text1noticias\">La Capoeira es un arte marcial creado por los descendientes de los esclavos africanos durante la colonizaci\u00f3n portuguesa en Brasil, como repuesta a la opresi\u00f3n f\u00edsica, mental y cultural a la que eran sometidos.<\/span><\/p>\n<\/p>\n<p><span class=\"text1noticias\">Boa Vida expres\u00f3 que el grupo Ax\u00e9 es una de las organizaciones de capoeira m\u00e1s conocidas alrededor del mundo  con representaci\u00f3n en m\u00e1s de 23 pa\u00edses.<\/span><\/p>\n<\/p>\n<p><span class=\"text1noticias\">El profesor Boa Vida cuenta con m\u00e1s de 15 a\u00f1os de experiencia en el arte y ha sido tres <\/span><\/p>\n<p><span class=\"text1noticias\">veces campe\u00f3n en lucha estilo mixto.<\/span><\/p>\n<\/p>\n<p><span class=\"text1noticias\">Marcos da Silva, tambi\u00e9n conocido como Mestre Barr\u00e3o, es el fundador del Grupo Ax\u00e9 Capoeira.<\/span><\/p>\n<h6> 2009-04-29 18:27:25 <\/h6>\n<p><!--\n<link rel=\"stylesheet\" href=\"css\/bootstrap.min.css\">\n\n\n<ul class=\"pagination\">\n\t    \n\t\n\n<li >\n\t<a href='?page_no=21764'>Previous<\/a>\n\t<\/li>\n\n\n       \n    \n\n<li><a href='?page_no=1'>1<\/a><\/li>\n\n\n\n<li><a href='?page_no=2'>2<\/a><\/li>\n\n\n\n<li><a>...<\/a><\/li>\n\n\n\n<li><a href='?page_no=21763'>21763<\/a><\/li>\n\n\n\n<li><a href='?page_no=21764'>21764<\/a><\/li>\n\n\n\n<li class='active'><a>21765<\/a><\/li>\n\n\n\n<li><a href='?page_no=21766'>21766<\/a><\/li>\n\n\n\n<li><a href='?page_no=21767'>21767<\/a><\/li>\n\n\n\n<li><a>...<\/a><\/li>\n\n\n\n<li><a href='?page_no=22911'>22911<\/a><\/li>\n\n\n\n<li><a href='?page_no=22912'>22912<\/a><\/li>\n\n    \n\t\n\n<li >\n\t<a href='?page_no=21766'>Next<\/a>\n\t<\/li>\n\n\n    \n\n<li><a href='?page_no=22912'>Last &rsaquo;&rsaquo;<\/a><\/li>\n\n<\/ul>\n\n\n--><br \/>\n<\/body><\/p>\n","protected":false},"excerpt":{"rendered":"<p>El grupo brasile\u00f1o Ax\u00e9 Capoeira present\u00f3 un emocionante espect\u00e1culo de danza combinado con artes marciales como parte de las actividades de la XII Feria Internacional del Libro. M\u00e1s de media docenas de j\u00f3venes de diferentes edades, en\u00e9rgicos y carism\u00e1ticos, se presentaron en la tarima principal de la Feria. El grupo, que tiene como objetivo promocionar [&hellip;]<\/p>\n","protected":false},"author":3,"featured_media":0,"comment_status":"open","ping_status":"open","sticky":false,"template":"","format":"standard","meta":{"footnotes":""},"categories":[21],"tags":[],"class_list":["post-70087","post","type-post","status-publish","format-standard","hentry","category-cultura"],"_links":{"self":[{"href":"https:\/\/diariodominicano.com\/index.php?rest_route=\/wp\/v2\/posts\/70087","targetHints":{"allow":["GET"]}}],"collection":[{"href":"https:\/\/diariodominicano.com\/index.php?rest_route=\/wp\/v2\/posts"}],"about":[{"href":"https:\/\/diariodominicano.com\/index.php?rest_route=\/wp\/v2\/types\/post"}],"author":[{"embeddable":true,"href":"https:\/\/diariodominicano.com\/index.php?rest_route=\/wp\/v2\/users\/3"}],"replies":[{"embeddable":true,"href":"https:\/\/diariodominicano.com\/index.php?rest_route=%2Fwp%2Fv2%2Fcomments&post=70087"}],"version-history":[{"count":0,"href":"https:\/\/diariodominicano.com\/index.php?rest_route=\/wp\/v2\/posts\/70087\/revisions"}],"wp:attachment":[{"href":"https:\/\/diariodominicano.com\/index.php?rest_route=%2Fwp%2Fv2%2Fmedia&parent=70087"}],"wp:term":[{"taxonomy":"category","embeddable":true,"href":"https:\/\/diariodominicano.com\/index.php?rest_route=%2Fwp%2Fv2%2Fcategories&post=70087"},{"taxonomy":"post_tag","embeddable":true,"href":"https:\/\/diariodominicano.com\/index.php?rest_route=%2Fwp%2Fv2%2Ftags&post=70087"}],"curies":[{"name":"wp","href":"https:\/\/api.w.org\/{rel}","templated":true}]}}