{"id":70086,"date":"2009-04-29T20:29:47","date_gmt":"2009-04-29T20:29:47","guid":{"rendered":"http:\/\/diariodominicano.ddns.net\/?p=70086"},"modified":"2009-04-29T20:29:47","modified_gmt":"2009-04-29T20:29:47","slug":"poeta-y-ensayista-giovanni-di-pietro-homenajeado-con-dia-y-calle-en-feria-del-libro","status":"publish","type":"post","link":"https:\/\/diariodominicano.com\/?p=70086","title":{"rendered":"Poeta y ensayista Giovanni di Pietro homenajeado con d\u00eda y calle en Feria del Libro"},"content":{"rendered":"<p><body><\/p>\n<p><img decoding=\"async\" src=\"http:\/\/localhost:8080\/img3\/pieto.jpg\" \/>  <\/p>\n<p><span class=\"text1noticias\">El cr\u00edtico, ensayista y poeta italiano Giovanni di Pietro fue homenajeado por la Secretar\u00eda de Estado de Cultura y la Direcci\u00f3n General de la Feria del Libro con la designaci\u00f3n de una calle dentro del \u00e1rea ferial, nombre que perdurar\u00e1 por espacio de un a\u00f1o.<\/span><\/p>\n<\/p>\n<p><span class=\"text1noticias\">La reconocida figura literaria ha publicado los libros: Las mejores novelas dominicanas, Joaqu\u00edn Balaguer, sin elogios ni condena, Poemas on\u00edricos y m\u00e1s, la dominicanidad de Julia \u00c1lvarez, Quince estudios de novel\u00edstica dominicana y Cr\u00f3nicas de Quintiliano, entre otras, honores que lo hacen merecedor de la distinci\u00f3n, la cual fue presidida por Alejandro Arvelo, director de la Feria y Bernarda Jorge, subsecretaria de Participaci\u00f3n y Creatividad Popular de la SEC.<\/span><\/p>\n<\/p>\n<p><span class=\"text1noticias\">Los intelectuales Manuel Mora Serrano, Miguel Solano, Tom\u00e1s Castro Burdiez, Eugenio Garc\u00eda Cuevas, Di\u00f3genes C\u00e9spedes y el cubano Jos\u00e9 Balle Barre\u00f1o formaron parte de los escritores presentes.<\/span><\/p>\n<\/p>\n<p><span class=\"text1noticias\">?Giovanni es un creador, un poeta que en los \u00faltimos a\u00f1os le ha dado por leerse la narrativa y la novel\u00edstica dominicana; creo que pocos autores dominicanos han hecho un estudio tan minucioso de la novel\u00edstica criolla como conjunto?, destac\u00f3 Arvelo.<\/span><\/p>\n<\/p>\n<p><span class=\"text1noticias\">En la obra de Di Pietro hay una gran visi\u00f3n filos\u00f3fica encontr\u00e1ndose elementos en su poes\u00eda y en las cr\u00edticas literarias. ?En Rep\u00fablica Dominicana, pienso, que hace falta un poco esta cr\u00edtica que airea la creaci\u00f3n literaria, de manera que, a ese hombre sensible, la Secretar\u00eda de Estado de Cultura rinde homenaje?, resalt\u00f3 Alejandro Arvelo.<\/span><\/p>\n<\/p>\n<p><span class=\"text1noticias\">Al ofrecer las palabras de gracias Giovanni di Pietro habl\u00f3 que cuando ten\u00eda la edad de 13 o 14 a\u00f1os viviendo en los Estados Unidos ten\u00eda una constante fantas\u00eda de que un d\u00eda iba a escribir y a vivir en un pa\u00eds de habla castellana, fantas\u00eda que nunca entendi\u00f3, pero un a\u00f1o m\u00e1s tarde se fue a la universidad a estudiar espa\u00f1ol y de ah\u00ed empez\u00f3 a leer y luego a escribir en espa\u00f1ol cuando vino a Rep\u00fablica Dominicana y se cas\u00f3 con una dominicana. <\/span><\/p>\n<\/p>\n<p><span class=\"text1noticias\">?Yo soy en cierto sentido dominicano, tengo dos hijos nacidos aqu\u00ed y tambi\u00e9n una esposa con la cual llevo 45 a\u00f1os casado, entonces digo yo que soy dominicano?, dijo el escritor.<\/span><\/p>\n<\/p>\n<p><span class=\"text1noticias\">El homenajeado resalt\u00f3 la relaci\u00f3n afectiva y literaria que le une a connotadas  figuras de la literatura nacional y a un grupo de personas que creyeron en \u00e9l.<\/span><\/p>\n<\/p>\n<p><span class=\"text1noticias\">Todo lo que yo he hecho dentro de la cr\u00edtica simplemente ha sido tratar de entender este pa\u00eds, entender la gente y el ambiente. Hice este tipo de trabajo porque cuando era profesor en la UASD me di cuenta que los estudiantes ten\u00edan un gran problema, no se sent\u00edan bien consigo mismo, se sent\u00edan inferiores. Yo le dije que eso no pod\u00eda ser porque este pa\u00eds ten\u00eda muchas cosas buenas e interesantes y muchas ventajas, por lo que me dediqu\u00e9 a estudiar la novel\u00edstica y otros aspectos de la cultura dominicana para probarles a esos estudiantes que hab\u00edan motivos para sentirse orgullosos?, manifest\u00f3 Di Pietro.<\/span><\/p>\n<h6> 2009-04-29 20:29:47 <\/h6>\n<p><!--\n<link rel=\"stylesheet\" href=\"css\/bootstrap.min.css\">\n\n\n<ul class=\"pagination\">\n\t    \n\t\n\n<li >\n\t<a href='?page_no=21763'>Previous<\/a>\n\t<\/li>\n\n\n       \n    \n\n<li><a href='?page_no=1'>1<\/a><\/li>\n\n\n\n<li><a href='?page_no=2'>2<\/a><\/li>\n\n\n\n<li><a>...<\/a><\/li>\n\n\n\n<li><a href='?page_no=21762'>21762<\/a><\/li>\n\n\n\n<li><a href='?page_no=21763'>21763<\/a><\/li>\n\n\n\n<li class='active'><a>21764<\/a><\/li>\n\n\n\n<li><a href='?page_no=21765'>21765<\/a><\/li>\n\n\n\n<li><a href='?page_no=21766'>21766<\/a><\/li>\n\n\n\n<li><a>...<\/a><\/li>\n\n\n\n<li><a href='?page_no=22911'>22911<\/a><\/li>\n\n\n\n<li><a href='?page_no=22912'>22912<\/a><\/li>\n\n    \n\t\n\n<li >\n\t<a href='?page_no=21765'>Next<\/a>\n\t<\/li>\n\n\n    \n\n<li><a href='?page_no=22912'>Last &rsaquo;&rsaquo;<\/a><\/li>\n\n<\/ul>\n\n\n--><br \/>\n<\/body><\/p>\n","protected":false},"excerpt":{"rendered":"<p>El cr\u00edtico, ensayista y poeta italiano Giovanni di Pietro fue homenajeado por la Secretar\u00eda de Estado de Cultura y la Direcci\u00f3n General de la Feria del Libro con la designaci\u00f3n de una calle dentro del \u00e1rea ferial, nombre que perdurar\u00e1 por espacio de un a\u00f1o. La reconocida figura literaria ha publicado los libros: Las mejores [&hellip;]<\/p>\n","protected":false},"author":3,"featured_media":0,"comment_status":"open","ping_status":"open","sticky":false,"template":"","format":"standard","meta":{"footnotes":""},"categories":[21],"tags":[],"class_list":["post-70086","post","type-post","status-publish","format-standard","hentry","category-cultura"],"_links":{"self":[{"href":"https:\/\/diariodominicano.com\/index.php?rest_route=\/wp\/v2\/posts\/70086","targetHints":{"allow":["GET"]}}],"collection":[{"href":"https:\/\/diariodominicano.com\/index.php?rest_route=\/wp\/v2\/posts"}],"about":[{"href":"https:\/\/diariodominicano.com\/index.php?rest_route=\/wp\/v2\/types\/post"}],"author":[{"embeddable":true,"href":"https:\/\/diariodominicano.com\/index.php?rest_route=\/wp\/v2\/users\/3"}],"replies":[{"embeddable":true,"href":"https:\/\/diariodominicano.com\/index.php?rest_route=%2Fwp%2Fv2%2Fcomments&post=70086"}],"version-history":[{"count":0,"href":"https:\/\/diariodominicano.com\/index.php?rest_route=\/wp\/v2\/posts\/70086\/revisions"}],"wp:attachment":[{"href":"https:\/\/diariodominicano.com\/index.php?rest_route=%2Fwp%2Fv2%2Fmedia&parent=70086"}],"wp:term":[{"taxonomy":"category","embeddable":true,"href":"https:\/\/diariodominicano.com\/index.php?rest_route=%2Fwp%2Fv2%2Fcategories&post=70086"},{"taxonomy":"post_tag","embeddable":true,"href":"https:\/\/diariodominicano.com\/index.php?rest_route=%2Fwp%2Fv2%2Ftags&post=70086"}],"curies":[{"name":"wp","href":"https:\/\/api.w.org\/{rel}","templated":true}]}}