{"id":70085,"date":"2009-04-29T22:14:11","date_gmt":"2009-04-29T22:14:11","guid":{"rendered":"http:\/\/diariodominicano.ddns.net\/?p=70085"},"modified":"2009-04-29T22:14:11","modified_gmt":"2009-04-29T22:14:11","slug":"nelida-pinon-dicta-conferencia-magistral-la-pasion-por-la-palabra","status":"publish","type":"post","link":"https:\/\/diariodominicano.com\/?p=70085","title":{"rendered":"N\u00e9lida Pi\u00f1\u00f3n dicta conferencia magistral ?La pasi\u00f3n por la palabra?"},"content":{"rendered":"<p><body><\/p>\n<p><img decoding=\"async\" src=\"img3\/mesa.jpg\" \/>  <\/p>\n<p><span class=\"text1noticias\">N\u00e9lida Pi\u00f1\u00f3n, la m\u00e1s laureada escritora de Brasil, entr\u00f3 con su sonrisa franca a flor de labios a la Sala de la Cultura del Teatro Nacional Eduardo Brito, y con su  verbo se gan\u00f3 el coraz\u00f3n de todos los que asistieron a su conferencia ?La pasi\u00f3n por la palabra?,  y as\u00ed llen\u00f3 de gracia y encanto todos los espacios del lugar.<\/span><\/p>\n<p><span class=\"text1noticias\"> <\/span><\/p>\n<p><span class=\"text1noticias\">La Dama se refiri\u00f3 a los or\u00edgenes primarios en que el ser humano s\u00f3lo emit\u00eda sonidos guturales, y de ah\u00ed pas\u00f3 a decir que la palabra es una invenci\u00f3n de la humana. Su mayor fascinaci\u00f3n viene del car\u00e1cter esp\u00fareo, aunque dice que la misma \u00abha ganado universalidad y una importancia extraordinaria y hasta un significado simb\u00f3lico\u00bb.<\/span><\/p>\n<p><span class=\"text1noticias\"> <\/span><\/p>\n<p><span class=\"text1noticias\">El auditorio le escuchaba en completo silencio, mientras ella asignaba a las uniones de letras un sentido po\u00e9tico de la existencia, y conf\u00eda en que por esa v\u00eda se puede viajar hasta Homero y Her\u00f3doto, a trav\u00e9s de la lectura de textos, trayendo as\u00ed hasta nosotros la sociedad del pasado.<\/span><\/p>\n<p><span class=\"text1noticias\"> <\/span><\/p>\n<p><span class=\"text1noticias\">N\u00e9lida Pi\u00f1\u00f3n tiene el criterio de que el mundo es el mismo, y que los griegos han pensado tanto \u00abque nos dejaron poco para pensar.  La palabra trae todo e impide el olvido\u00bb.<\/span><\/p>\n<p><span class=\"text1noticias\"> <\/span><\/p>\n<p><span class=\"text1noticias\">Se define como una mujer que cree en la capacidad poderosa de entender el mundo por medios puramente pac\u00edficos, por el verbo. Le fascina tanto pensar y hablar que habla  hasta con las paredes mudas; su compenetraci\u00f3n es tal en ese sentido que la misma le permite crear e inventar.<\/span><\/p>\n<p><span class=\"text1noticias\"> <\/span><\/p>\n<p><span class=\"text1noticias\">Se emocion\u00f3 cuando mencion\u00f3 el nombre del brasile\u00f1o Machado de As\u00eds, en su opini\u00f3n el primer narrador de Am\u00e9rica Latina, y para ella el gran narrador del siglo XIX. Esto \u00faltimo dice ella en cada pa\u00eds que visita, y de lo cual trata de convencer a la gente. <\/span><\/p>\n<p><span class=\"text1noticias\"> <\/span><\/p>\n<p><span class=\"text1noticias\">De ni\u00f1a tuvo un sue\u00f1o: era el de ser n\u00f3mada y nunca dormir dos veces bajo el mismo techo. \u00abConfieso que es una locura\u00bb, dijo, tras lo que hubo risas del p\u00fablico.  Luego dice que el tiempo ha pasado, y que se ha convertido en una defensora de la casa.<\/span><\/p>\n<p><span class=\"text1noticias\"> <\/span><\/p>\n<p><span class=\"text1noticias\">Esta escritora brasile\u00f1a, que tiene entre sus amigos a Carlos Fuentes, Mario Vargas Llosa y Gabriel Garc\u00eda M\u00e1quez, viv\u00eda de ni\u00f1a tan inmersa en la lectura que en determinado momento de la vida quiso convertirse en uno de esos personajes de ensue\u00f1o y fascinaci\u00f3n.<\/span><\/p>\n<p><span class=\"text1noticias\"> <\/span><\/p>\n<p><span class=\"text1noticias\">La dama, que ha sido galardonada en varias ocasiones, ha dicho: \u00abLos poemas no escriben mis textos y por nada pierdo mi humanidad\u00bb. Al final de su conferencia magistral fue despedida con un cerrado aplauso por todos los presentes.<\/span><\/p>\n<p><span class=\"text1noticias\"> <\/span><\/p>\n<p><span class=\"text1noticias\">Entre los asistentes a la conferencia se hallaban la licenciada Bernarda Jorge, Subsecretaria de Creatividad y Participaci\u00f3n Popular, Do\u00f1a Lourdes Camilo de Cuello, Subsecretaria de Patrimonio Cultural, y Alexander Santana, Subsecretario Administrativo de la Secretaria de Cultura.<\/span><\/p>\n<p><span class=\"text1noticias\"> <\/span><\/p>\n<p><span class=\"text1noticias\">La dama tuvo palabras de encomio para la Secretar\u00eda de Estado de Cultura en la persona del  licenciado Jos\u00e9 Rafael Lantigua. Fue presentada por la poeta \u00c1ngela Hern\u00e1ndez, y la maestr\u00eda de ceremonia estuvo a cargo de Nan Chevalier.<\/span><\/p>\n<h6> 2009-04-29 22:14:11 <\/h6>\n<p><!--\n<link rel=\"stylesheet\" href=\"css\/bootstrap.min.css\">\n\n\n<ul class=\"pagination\">\n\t    \n\t\n\n<li >\n\t<a href='?page_no=21762'>Previous<\/a>\n\t<\/li>\n\n\n       \n    \n\n<li><a href='?page_no=1'>1<\/a><\/li>\n\n\n\n<li><a href='?page_no=2'>2<\/a><\/li>\n\n\n\n<li><a>...<\/a><\/li>\n\n\n\n<li><a href='?page_no=21761'>21761<\/a><\/li>\n\n\n\n<li><a href='?page_no=21762'>21762<\/a><\/li>\n\n\n\n<li class='active'><a>21763<\/a><\/li>\n\n\n\n<li><a href='?page_no=21764'>21764<\/a><\/li>\n\n\n\n<li><a href='?page_no=21765'>21765<\/a><\/li>\n\n\n\n<li><a>...<\/a><\/li>\n\n\n\n<li><a href='?page_no=22911'>22911<\/a><\/li>\n\n\n\n<li><a href='?page_no=22912'>22912<\/a><\/li>\n\n    \n\t\n\n<li >\n\t<a href='?page_no=21764'>Next<\/a>\n\t<\/li>\n\n\n    \n\n<li><a href='?page_no=22912'>Last &rsaquo;&rsaquo;<\/a><\/li>\n\n<\/ul>\n\n\n--><br \/>\n<\/body><\/p>\n","protected":false},"excerpt":{"rendered":"<p>N\u00e9lida Pi\u00f1\u00f3n, la m\u00e1s laureada escritora de Brasil, entr\u00f3 con su sonrisa franca a flor de labios a la Sala de la Cultura del Teatro Nacional Eduardo Brito, y con su verbo se gan\u00f3 el coraz\u00f3n de todos los que asistieron a su conferencia ?La pasi\u00f3n por la palabra?, y as\u00ed llen\u00f3 de gracia y [&hellip;]<\/p>\n","protected":false},"author":3,"featured_media":0,"comment_status":"open","ping_status":"open","sticky":false,"template":"","format":"standard","meta":{"footnotes":""},"categories":[21],"tags":[],"class_list":["post-70085","post","type-post","status-publish","format-standard","hentry","category-cultura"],"_links":{"self":[{"href":"https:\/\/diariodominicano.com\/index.php?rest_route=\/wp\/v2\/posts\/70085","targetHints":{"allow":["GET"]}}],"collection":[{"href":"https:\/\/diariodominicano.com\/index.php?rest_route=\/wp\/v2\/posts"}],"about":[{"href":"https:\/\/diariodominicano.com\/index.php?rest_route=\/wp\/v2\/types\/post"}],"author":[{"embeddable":true,"href":"https:\/\/diariodominicano.com\/index.php?rest_route=\/wp\/v2\/users\/3"}],"replies":[{"embeddable":true,"href":"https:\/\/diariodominicano.com\/index.php?rest_route=%2Fwp%2Fv2%2Fcomments&post=70085"}],"version-history":[{"count":0,"href":"https:\/\/diariodominicano.com\/index.php?rest_route=\/wp\/v2\/posts\/70085\/revisions"}],"wp:attachment":[{"href":"https:\/\/diariodominicano.com\/index.php?rest_route=%2Fwp%2Fv2%2Fmedia&parent=70085"}],"wp:term":[{"taxonomy":"category","embeddable":true,"href":"https:\/\/diariodominicano.com\/index.php?rest_route=%2Fwp%2Fv2%2Fcategories&post=70085"},{"taxonomy":"post_tag","embeddable":true,"href":"https:\/\/diariodominicano.com\/index.php?rest_route=%2Fwp%2Fv2%2Ftags&post=70085"}],"curies":[{"name":"wp","href":"https:\/\/api.w.org\/{rel}","templated":true}]}}